{"id":6510,"date":"2019-02-07T06:58:59","date_gmt":"2019-02-07T09:58:59","guid":{"rendered":"http:\/\/4cantosalagoas.com.br\/portal\/?p=6510"},"modified":"2019-02-07T06:58:59","modified_gmt":"2019-02-07T09:58:59","slug":"mhn-integra-programacao-do-dia-de-darwin","status":"publish","type":"post","link":"https:\/\/4cantosalagoas.com.br\/portal\/mhn-integra-programacao-do-dia-de-darwin\/","title":{"rendered":"MHN integra programa\u00e7\u00e3o do Dia de Darwin"},"content":{"rendered":"<figure id=\"attachment_6511\" aria-describedby=\"caption-attachment-6511\" style=\"width: 223px\" class=\"wp-caption alignleft\"><img fetchpriority=\"high\" decoding=\"async\" class=\"size-medium wp-image-6511\" src=\"http:\/\/4cantosalagoas.com.br\/portal\/wp-content\/uploads\/2019\/02\/davin-223x300.jpg\" alt=\"\" width=\"223\" height=\"300\" srcset=\"https:\/\/4cantosalagoas.com.br\/portal\/wp-content\/uploads\/2019\/02\/davin-223x300.jpg 223w, https:\/\/4cantosalagoas.com.br\/portal\/wp-content\/uploads\/2019\/02\/davin-375x505.jpg 375w, https:\/\/4cantosalagoas.com.br\/portal\/wp-content\/uploads\/2019\/02\/davin-409x550.jpg 409w, https:\/\/4cantosalagoas.com.br\/portal\/wp-content\/uploads\/2019\/02\/davin-372x500.jpg 372w, https:\/\/4cantosalagoas.com.br\/portal\/wp-content\/uploads\/2019\/02\/davin.jpg 486w\" sizes=\"(max-width: 223px) 100vw, 223px\" \/><figcaption id=\"caption-attachment-6511\" class=\"wp-caption-text\">Assessoria<\/figcaption><\/figure>\n<p>O Museu de Hist\u00f3ria Natural (MHN) da Universidade Federal de Alagoas (Ufal) encerra as atividades do Dia de Darwin, no pr\u00f3ximo s\u00e1bado (9), com atividades recreativas. O evento realizado pelo Grupo de Estudos sobre Evolu\u00e7\u00e3o Biol\u00f3gica (Geseb) come\u00e7a nesta quinta-feira (7), no Campus A.C. Sim\u00f5es, da Ufal de Macei\u00f3.<\/p>\n<p>Entre as atividades que acontecer\u00e3o no MHN est\u00e3o espa\u00e7os de pintura, cinema com pipoca, ca\u00e7a \u00e0s borboletas, corrida de mars\u00fapio, batalha das formigas, quiz e telefone sem fio evolutivo. A recrea\u00e7\u00e3o ser\u00e1 das 9h \u00e0s 12h e das 14h \u00e0s 16h, na sede do Museu, que fica localizado na Avenida Amazonas, Prado, em frente \u00e0 Pra\u00e7a da Faculdade.<\/p>\n<p>Dia de Darwin<\/p>\n<p>O objetivo do\u00a0<a title=\"https:\/\/doity.com.br\/dia-de-darwin\/\" href=\"https:\/\/doity.com.br\/dia-de-darwin\/\" target=\"_blank\" rel=\"noopener\" data-saferedirecturl=\"https:\/\/www.google.com\/url?q=https:\/\/doity.com.br\/dia-de-darwin\/&amp;source=gmail&amp;ust=1549618980160000&amp;usg=AFQjCNFcs5wNL1qpuHLvRiYvYYF68fop8g\">evento\u00a0<\/a>\u00e9 antecipar as comemora\u00e7\u00f5es do anivers\u00e1rio de Charles Robert Darwin, nascido em 12 de fevereiro. O naturalista escreveu\u00a0<em>A Origem das Esp\u00e9cies<\/em>, um dos livros que mais influenciou a hist\u00f3ria da humanidade, abordando a Teoria da Evolu\u00e7\u00e3o.<\/p>\n<p>Na quinta-feira (7), a programa\u00e7\u00e3o conta com tr\u00eas palestras, que ser\u00e3o realizadas no audit\u00f3rio da Reitoria da Ufal, das 9h \u00e0s 17h30. J\u00e1 na sexta (8), haver\u00e1 o workshop\u00a0<em>Ignite Evolution<\/em>, que trata sobre divulga\u00e7\u00e3o cient\u00edfica, na sala 18 do Instituto de Ci\u00eancias Biol\u00f3gicas e da Sa\u00fade (ICBS).\u00a0<a href=\"https:\/\/doity.com.br\/dia-de-darwin\/calendario\" target=\"_blank\" rel=\"noopener\" data-saferedirecturl=\"https:\/\/www.google.com\/url?q=https:\/\/doity.com.br\/dia-de-darwin\/calendario&amp;source=gmail&amp;ust=1549618980160000&amp;usg=AFQjCNFTc_omuG3d1-7hrWMT9gGRiBoyFA\">Confira aqui a programa\u00e7\u00e3o completa.<\/a><\/p>\n<p><a title=\"https:\/\/doity.com.br\/dia-de-darwin\/inscricao\" href=\"https:\/\/doity.com.br\/dia-de-darwin\/inscricao\" target=\"_blank\" rel=\"noopener\" data-saferedirecturl=\"https:\/\/www.google.com\/url?q=https:\/\/doity.com.br\/dia-de-darwin\/inscricao&amp;source=gmail&amp;ust=1549618980160000&amp;usg=AFQjCNGUZX3UCBS5z9tkDbvu9NZOduTQ4A\">As inscri\u00e7\u00f5es<\/a>\u00a0s\u00e3o gratuitas para participa\u00e7\u00e3o na quinta (7). O investimento \u00e9 de R$ 30\u00a0para a atividade da sexta (8), que \u00e9 o workshop<em>\u00a0Ignite Evolution<\/em>. J\u00e1 para a parte recreativa do s\u00e1bado (9) n\u00e3o h\u00e1 necessidade de inscri\u00e7\u00e3o.<\/p>\n<p>Sobre o Geseb<\/p>\n<p>O Grupo de Estudos sobre Evolu\u00e7\u00e3o Biol\u00f3gica \u00e9 um projeto da Universidade Federal de Alagoas criado em 2015, que possui interesse em divulga\u00e7\u00e3o cient\u00edfica e tamb\u00e9m se re\u00fane para discutir sobre temas relacionados a evolu\u00e7\u00e3o, ci\u00eancia e filosofia da ci\u00eancia.<\/p>\n<div><img decoding=\"async\" class=\"CToWUd a6T\" tabindex=\"0\" src=\"https:\/\/mail.google.com\/mail\/u\/0?ui=2&amp;ik=d2fa8adeb7&amp;attid=0.2&amp;permmsgid=msg-f:1624744458485802281&amp;th=168c407a0ad4a529&amp;view=fimg&amp;sz=s0-l75-ft&amp;attbid=ANGjdJ_6NPD4zMW_ffr0IxRQwf6eWLAJhxJs0zrm7xxH-eSb0F-c1dp96JhJEEaUqt3x-thhNcy2h-mLHiwLwQZ8_d2erCZoj9sBaHoEtiHE4panQ3BiueklSleNpoE&amp;disp=emb&amp;realattid=ii_jrtikqhl1\" alt=\"image.png\" width=\"397\" height=\"562\" data-image-whitelisted=\"\" \/><\/div>\n","protected":false},"excerpt":{"rendered":"<p>O Museu de Hist\u00f3ria Natural (MHN) da Universidade Federal de Alagoas (Ufal) encerra as atividades do Dia<\/p>\n","protected":false},"author":1,"featured_media":6511,"comment_status":"open","ping_status":"open","sticky":false,"template":"","format":"standard","meta":{"footnotes":""},"categories":[60],"tags":[],"class_list":["post-6510","post","type-post","status-publish","format-standard","has-post-thumbnail","hentry","category-capa"],"_links":{"self":[{"href":"https:\/\/4cantosalagoas.com.br\/portal\/wp-json\/wp\/v2\/posts\/6510","targetHints":{"allow":["GET"]}}],"collection":[{"href":"https:\/\/4cantosalagoas.com.br\/portal\/wp-json\/wp\/v2\/posts"}],"about":[{"href":"https:\/\/4cantosalagoas.com.br\/portal\/wp-json\/wp\/v2\/types\/post"}],"author":[{"embeddable":true,"href":"https:\/\/4cantosalagoas.com.br\/portal\/wp-json\/wp\/v2\/users\/1"}],"replies":[{"embeddable":true,"href":"https:\/\/4cantosalagoas.com.br\/portal\/wp-json\/wp\/v2\/comments?post=6510"}],"version-history":[{"count":1,"href":"https:\/\/4cantosalagoas.com.br\/portal\/wp-json\/wp\/v2\/posts\/6510\/revisions"}],"predecessor-version":[{"id":6512,"href":"https:\/\/4cantosalagoas.com.br\/portal\/wp-json\/wp\/v2\/posts\/6510\/revisions\/6512"}],"wp:featuredmedia":[{"embeddable":true,"href":"https:\/\/4cantosalagoas.com.br\/portal\/wp-json\/wp\/v2\/media\/6511"}],"wp:attachment":[{"href":"https:\/\/4cantosalagoas.com.br\/portal\/wp-json\/wp\/v2\/media?parent=6510"}],"wp:term":[{"taxonomy":"category","embeddable":true,"href":"https:\/\/4cantosalagoas.com.br\/portal\/wp-json\/wp\/v2\/categories?post=6510"},{"taxonomy":"post_tag","embeddable":true,"href":"https:\/\/4cantosalagoas.com.br\/portal\/wp-json\/wp\/v2\/tags?post=6510"}],"curies":[{"name":"wp","href":"https:\/\/api.w.org\/{rel}","templated":true}]}}