{"id":6503,"date":"2019-02-06T11:34:02","date_gmt":"2019-02-06T14:34:02","guid":{"rendered":"http:\/\/4cantosalagoas.com.br\/portal\/?p=6503"},"modified":"2019-02-06T11:34:02","modified_gmt":"2019-02-06T14:34:02","slug":"procon-maceio-divulga-nova-pesquisa-de-precos-de-combustiveis","status":"publish","type":"post","link":"https:\/\/4cantosalagoas.com.br\/portal\/procon-maceio-divulga-nova-pesquisa-de-precos-de-combustiveis\/","title":{"rendered":"Procon Macei\u00f3 divulga nova pesquisa de pre\u00e7os de combust\u00edveis"},"content":{"rendered":"<figure id=\"attachment_6504\" aria-describedby=\"caption-attachment-6504\" style=\"width: 300px\" class=\"wp-caption alignleft\"><img fetchpriority=\"high\" decoding=\"async\" class=\"size-medium wp-image-6504\" src=\"http:\/\/4cantosalagoas.com.br\/portal\/wp-content\/uploads\/2019\/02\/prss-300x214.jpeg\" alt=\"\" width=\"300\" height=\"214\" srcset=\"https:\/\/4cantosalagoas.com.br\/portal\/wp-content\/uploads\/2019\/02\/prss-300x214.jpeg 300w, https:\/\/4cantosalagoas.com.br\/portal\/wp-content\/uploads\/2019\/02\/prss-768x547.jpeg 768w, https:\/\/4cantosalagoas.com.br\/portal\/wp-content\/uploads\/2019\/02\/prss-375x267.jpeg 375w, https:\/\/4cantosalagoas.com.br\/portal\/wp-content\/uploads\/2019\/02\/prss-465x331.jpeg 465w, https:\/\/4cantosalagoas.com.br\/portal\/wp-content\/uploads\/2019\/02\/prss-695x495.jpeg 695w, https:\/\/4cantosalagoas.com.br\/portal\/wp-content\/uploads\/2019\/02\/prss.jpeg 960w\" sizes=\"(max-width: 300px) 100vw, 300px\" \/><figcaption id=\"caption-attachment-6504\" class=\"wp-caption-text\">Procon Macei\u00f3 realiza pesquisa em postos de gasolina da capital. Foto: Ascom Macei\u00f3<\/figcaption><\/figure>\n<p>O \u00f3rg\u00e3o divulgou que, em rela\u00e7\u00e3o ao m\u00eas passado, os valores em todos os postos de Macei\u00f3 diminu\u00edram. Confira a tabela completa\u00a0<a href=\"http:\/\/www.maceio.al.gov.br\/wp-content\/uploads\/2019\/02\/xlsx\/2019\/02\/tabela-janeiro.xlsx\"><strong>aqui.<\/strong><\/a><\/p>\n<p>\u201cA Petrobras tem anunciado a baixa no pre\u00e7o da gasolina. A \u00faltima redu\u00e7\u00e3o, no dia 08 de janeiro, foi de 1,38%, sendo sentida e repassada para os consumidores da capital durante todo o m\u00eas de janeiro. Com isso, a gasolina terminou o m\u00eas com o valor m\u00e9dio de R$ 4,12\u201d, explicou Leandro Almeida, diretor-executivo do Procon Macei\u00f3.<\/p>\n<p>Em rela\u00e7\u00e3o ao m\u00eas de dezembro, houve uma baixa de at\u00e9 R$0,43 no pre\u00e7o m\u00e9dio da gasolina, R$0,10 no pre\u00e7o m\u00e9dio do etanol, R$0,14 no pre\u00e7o m\u00e9dio do diesel S500 e de R$0,17 no pre\u00e7o m\u00e9dio do diesel S10. \u201cO Procon Macei\u00f3 refor\u00e7a o compromisso de manter as fiscaliza\u00e7\u00f5es nos postos, evitando o aumento abusivo no pre\u00e7o dos combust\u00edveis\u201d, frisou Leandro Almeida.<\/p>\n<p>Para mais informa\u00e7\u00f5es ou poss\u00edveis den\u00fancias, os consumidores devem entrar em contato nos n\u00fameros 0800 082 4567 e 98882-8326 ou indo \u00e0 sede do Procon Macei\u00f3, que funciona na Secretaria Municipal de Economia (Semec), na Rua Pedro Monteiro, n\u00ba 47, no Centro.<\/p>\n<p>Beatrz Oliveira (estagi\u00e1ria) \/ Secom Macei\u00f3<\/p>\n","protected":false},"excerpt":{"rendered":"<p>O \u00f3rg\u00e3o divulgou que, em rela\u00e7\u00e3o ao m\u00eas passado, os valores em todos os postos de Macei\u00f3<\/p>\n","protected":false},"author":1,"featured_media":6504,"comment_status":"open","ping_status":"open","sticky":false,"template":"","format":"standard","meta":{"footnotes":""},"categories":[7,60],"tags":[],"class_list":["post-6503","post","type-post","status-publish","format-standard","has-post-thumbnail","hentry","category-brasil","category-capa"],"_links":{"self":[{"href":"https:\/\/4cantosalagoas.com.br\/portal\/wp-json\/wp\/v2\/posts\/6503","targetHints":{"allow":["GET"]}}],"collection":[{"href":"https:\/\/4cantosalagoas.com.br\/portal\/wp-json\/wp\/v2\/posts"}],"about":[{"href":"https:\/\/4cantosalagoas.com.br\/portal\/wp-json\/wp\/v2\/types\/post"}],"author":[{"embeddable":true,"href":"https:\/\/4cantosalagoas.com.br\/portal\/wp-json\/wp\/v2\/users\/1"}],"replies":[{"embeddable":true,"href":"https:\/\/4cantosalagoas.com.br\/portal\/wp-json\/wp\/v2\/comments?post=6503"}],"version-history":[{"count":1,"href":"https:\/\/4cantosalagoas.com.br\/portal\/wp-json\/wp\/v2\/posts\/6503\/revisions"}],"predecessor-version":[{"id":6505,"href":"https:\/\/4cantosalagoas.com.br\/portal\/wp-json\/wp\/v2\/posts\/6503\/revisions\/6505"}],"wp:featuredmedia":[{"embeddable":true,"href":"https:\/\/4cantosalagoas.com.br\/portal\/wp-json\/wp\/v2\/media\/6504"}],"wp:attachment":[{"href":"https:\/\/4cantosalagoas.com.br\/portal\/wp-json\/wp\/v2\/media?parent=6503"}],"wp:term":[{"taxonomy":"category","embeddable":true,"href":"https:\/\/4cantosalagoas.com.br\/portal\/wp-json\/wp\/v2\/categories?post=6503"},{"taxonomy":"post_tag","embeddable":true,"href":"https:\/\/4cantosalagoas.com.br\/portal\/wp-json\/wp\/v2\/tags?post=6503"}],"curies":[{"name":"wp","href":"https:\/\/api.w.org\/{rel}","templated":true}]}}