{"id":6428,"date":"2019-02-01T07:32:13","date_gmt":"2019-02-01T10:32:13","guid":{"rendered":"http:\/\/4cantosalagoas.com.br\/portal\/?p=6428"},"modified":"2019-02-01T07:32:13","modified_gmt":"2019-02-01T10:32:13","slug":"homem-e-esfaqueado-por-companheiro-da-ex-mulher-em-arapiraca","status":"publish","type":"post","link":"https:\/\/4cantosalagoas.com.br\/portal\/homem-e-esfaqueado-por-companheiro-da-ex-mulher-em-arapiraca\/","title":{"rendered":"Homem \u00e9 esfaqueado por companheiro da ex-mulher, em Arapiraca"},"content":{"rendered":"<figure id=\"attachment_6429\" aria-describedby=\"caption-attachment-6429\" style=\"width: 300px\" class=\"wp-caption alignleft\"><img fetchpriority=\"high\" decoding=\"async\" class=\"size-medium wp-image-6429\" src=\"http:\/\/4cantosalagoas.com.br\/portal\/wp-content\/uploads\/2019\/02\/abcaparapiraca-300x209.jpeg\" alt=\"\" width=\"300\" height=\"209\" srcset=\"https:\/\/4cantosalagoas.com.br\/portal\/wp-content\/uploads\/2019\/02\/abcaparapiraca-300x209.jpeg 300w, https:\/\/4cantosalagoas.com.br\/portal\/wp-content\/uploads\/2019\/02\/abcaparapiraca-375x261.jpeg 375w, https:\/\/4cantosalagoas.com.br\/portal\/wp-content\/uploads\/2019\/02\/abcaparapiraca-360x250.jpeg 360w, https:\/\/4cantosalagoas.com.br\/portal\/wp-content\/uploads\/2019\/02\/abcaparapiraca.jpeg 460w\" sizes=\"(max-width: 300px) 100vw, 300px\" \/><figcaption id=\"caption-attachment-6429\" class=\"wp-caption-text\">Homem \u00e9 esfaqueado por companheiro da ex-mulher<br \/>Josival Menezes\/7Segundos<\/figcaption><\/figure>\n<p>Um homem sofreu uma tentativa de homic\u00eddio com arma branca na noite desta quinta-feira (31), no residencial Brisa do Lago, no bairro Olho d\u2019\u00c1gua dos Cazuzinha, em Arapiraca, Agreste de Alagoas.<\/p>\n<p>Segundo informa\u00e7\u00f5es, um homem identificado como Walmir Mendes da Silva, precisou ser socorrido ap\u00f3s ser ferido a golpes de faca por um homem, que teria um envolvimento amoroso com a sua ex-esposa.<\/p>\n<p>A Pol\u00edcia Militar foi acionada e esteve na resid\u00eancia onde o fato ocorreu e prendeu em flagrante o suspeito do crime.<\/p>\n<p>J\u00e1 a v\u00edtima, foi socorrida por uma ambul\u00e2ncia do Servi\u00e7o de Atendimento M\u00f3vel de Urg\u00eancia (Samu) e encaminhada ao Hospital de Emerg\u00eancia do Agreste.<\/p>\n<p>Fonte: 7segundos<\/p>\n","protected":false},"excerpt":{"rendered":"<p>Um homem sofreu uma tentativa de homic\u00eddio com arma branca na noite desta quinta-feira (31), no residencial<\/p>\n","protected":false},"author":1,"featured_media":6429,"comment_status":"open","ping_status":"open","sticky":false,"template":"","format":"standard","meta":{"footnotes":""},"categories":[60,6],"tags":[],"class_list":["post-6428","post","type-post","status-publish","format-standard","has-post-thumbnail","hentry","category-capa","category-interior"],"_links":{"self":[{"href":"https:\/\/4cantosalagoas.com.br\/portal\/wp-json\/wp\/v2\/posts\/6428","targetHints":{"allow":["GET"]}}],"collection":[{"href":"https:\/\/4cantosalagoas.com.br\/portal\/wp-json\/wp\/v2\/posts"}],"about":[{"href":"https:\/\/4cantosalagoas.com.br\/portal\/wp-json\/wp\/v2\/types\/post"}],"author":[{"embeddable":true,"href":"https:\/\/4cantosalagoas.com.br\/portal\/wp-json\/wp\/v2\/users\/1"}],"replies":[{"embeddable":true,"href":"https:\/\/4cantosalagoas.com.br\/portal\/wp-json\/wp\/v2\/comments?post=6428"}],"version-history":[{"count":1,"href":"https:\/\/4cantosalagoas.com.br\/portal\/wp-json\/wp\/v2\/posts\/6428\/revisions"}],"predecessor-version":[{"id":6430,"href":"https:\/\/4cantosalagoas.com.br\/portal\/wp-json\/wp\/v2\/posts\/6428\/revisions\/6430"}],"wp:featuredmedia":[{"embeddable":true,"href":"https:\/\/4cantosalagoas.com.br\/portal\/wp-json\/wp\/v2\/media\/6429"}],"wp:attachment":[{"href":"https:\/\/4cantosalagoas.com.br\/portal\/wp-json\/wp\/v2\/media?parent=6428"}],"wp:term":[{"taxonomy":"category","embeddable":true,"href":"https:\/\/4cantosalagoas.com.br\/portal\/wp-json\/wp\/v2\/categories?post=6428"},{"taxonomy":"post_tag","embeddable":true,"href":"https:\/\/4cantosalagoas.com.br\/portal\/wp-json\/wp\/v2\/tags?post=6428"}],"curies":[{"name":"wp","href":"https:\/\/api.w.org\/{rel}","templated":true}]}}