{"id":6419,"date":"2019-01-31T15:08:14","date_gmt":"2019-01-31T18:08:14","guid":{"rendered":"http:\/\/4cantosalagoas.com.br\/portal\/?p=6419"},"modified":"2019-01-31T15:08:14","modified_gmt":"2019-01-31T18:08:14","slug":"procon-maceio-divulga-pesquisa-de-precos-do-gas-de-cozinha-2","status":"publish","type":"post","link":"https:\/\/4cantosalagoas.com.br\/portal\/procon-maceio-divulga-pesquisa-de-precos-do-gas-de-cozinha-2\/","title":{"rendered":"Procon Macei\u00f3 divulga pesquisa de pre\u00e7os do g\u00e1s de cozinha"},"content":{"rendered":"<figure id=\"attachment_6420\" aria-describedby=\"caption-attachment-6420\" style=\"width: 300px\" class=\"wp-caption alignleft\"><img fetchpriority=\"high\" decoding=\"async\" class=\"size-medium wp-image-6420\" src=\"http:\/\/4cantosalagoas.com.br\/portal\/wp-content\/uploads\/2019\/01\/gas-300x274.jpeg\" alt=\"\" width=\"300\" height=\"274\" srcset=\"https:\/\/4cantosalagoas.com.br\/portal\/wp-content\/uploads\/2019\/01\/gas-300x274.jpeg 300w, https:\/\/4cantosalagoas.com.br\/portal\/wp-content\/uploads\/2019\/01\/gas-375x343.jpeg 375w, https:\/\/4cantosalagoas.com.br\/portal\/wp-content\/uploads\/2019\/01\/gas-465x425.jpeg 465w, https:\/\/4cantosalagoas.com.br\/portal\/wp-content\/uploads\/2019\/01\/gas-547x500.jpeg 547w, https:\/\/4cantosalagoas.com.br\/portal\/wp-content\/uploads\/2019\/01\/gas.jpeg 762w\" sizes=\"(max-width: 300px) 100vw, 300px\" \/><figcaption id=\"caption-attachment-6420\" class=\"wp-caption-text\">Fiscais do Procon Macei\u00f3 durante a pesquisa de pre\u00e7os do g\u00e1s de cozinha Foto: Assessoria arquivo pessoal.<\/figcaption><\/figure>\n<p>O Procon Macei\u00f3 divulgou, nesta quinta-feira (31), uma nova pesquisa de pre\u00e7os do g\u00e1s de cozinha. A sondagem, realizada em 22 estabelecimentos da Capital, teve o objetivo\u00a0de verificar se houve varia\u00e7\u00e3o significativa de pre\u00e7os entre o final do ano de 2018 e in\u00edcio do ano de 2019.<\/p>\n<p>Na compara\u00e7\u00e3o com o \u00faltimo m\u00eas do ano passado, foi percebido um aumento de R$5,00 na maioria dos bairros da cidade. \u00a0Em rela\u00e7\u00e3o ao pre\u00e7o m\u00e9dio em toda a Capital, o valor ficou em R$67,08.<\/p>\n<p>Individualmente, o maior valor encontrado foi de R$75, o menor gira em torno de R$60. Os pre\u00e7os mais baixos s\u00e3o em pagamento \u00e0 vista e os mais caros em cart\u00e3o de cr\u00e9dito.<\/p>\n<p>Confira o resultado da pesquisa\u00a0<a href=\"http:\/\/www.maceio.al.gov.br\/wp-content\/uploads\/2019\/01\/xlsx\/2019\/01\/G%C3%81S-JANEIRO.xlsx\">aqui.<\/a><\/p>\n<p>O Procon Macei\u00f3 n\u00e3o se responsabiliza pela falta de produtos ou pelas altera\u00e7\u00f5es de pre\u00e7os feitas sem aviso pr\u00e9vio.\u00a0 Al\u00e9m disso, o recomendado \u00e9 que os consumidores sempre realizem pesquisas para evitar gastos desnecess\u00e1rios.<\/p>\n<p>De acordo com o diretor do Procon Macei\u00f3, Leandro Almeida, quem se sentir prejudicado pode procurar o \u00f3rg\u00e3o para informa\u00e7\u00f5es e reclama\u00e7\u00f5es. \u201cCaso os consumidores percebam aumento excessivos de pre\u00e7os\u00a0 em sua regi\u00e3o, basta entrar em contato com a equipe de fiscaliza\u00e7\u00e3o por meio dos telefones 98882-8326 (WhatsApp) ou 0800 082 4567\u201d, informou.<\/p>\n<p>Marcondes Leite (estagi\u00e1rio)\/Secom Macei\u00f3<\/p>\n","protected":false},"excerpt":{"rendered":"<p>O Procon Macei\u00f3 divulgou, nesta quinta-feira (31), uma nova pesquisa de pre\u00e7os do g\u00e1s de cozinha. A<\/p>\n","protected":false},"author":1,"featured_media":6420,"comment_status":"open","ping_status":"open","sticky":false,"template":"","format":"standard","meta":{"footnotes":""},"categories":[60],"tags":[],"class_list":["post-6419","post","type-post","status-publish","format-standard","has-post-thumbnail","hentry","category-capa"],"_links":{"self":[{"href":"https:\/\/4cantosalagoas.com.br\/portal\/wp-json\/wp\/v2\/posts\/6419","targetHints":{"allow":["GET"]}}],"collection":[{"href":"https:\/\/4cantosalagoas.com.br\/portal\/wp-json\/wp\/v2\/posts"}],"about":[{"href":"https:\/\/4cantosalagoas.com.br\/portal\/wp-json\/wp\/v2\/types\/post"}],"author":[{"embeddable":true,"href":"https:\/\/4cantosalagoas.com.br\/portal\/wp-json\/wp\/v2\/users\/1"}],"replies":[{"embeddable":true,"href":"https:\/\/4cantosalagoas.com.br\/portal\/wp-json\/wp\/v2\/comments?post=6419"}],"version-history":[{"count":1,"href":"https:\/\/4cantosalagoas.com.br\/portal\/wp-json\/wp\/v2\/posts\/6419\/revisions"}],"predecessor-version":[{"id":6421,"href":"https:\/\/4cantosalagoas.com.br\/portal\/wp-json\/wp\/v2\/posts\/6419\/revisions\/6421"}],"wp:featuredmedia":[{"embeddable":true,"href":"https:\/\/4cantosalagoas.com.br\/portal\/wp-json\/wp\/v2\/media\/6420"}],"wp:attachment":[{"href":"https:\/\/4cantosalagoas.com.br\/portal\/wp-json\/wp\/v2\/media?parent=6419"}],"wp:term":[{"taxonomy":"category","embeddable":true,"href":"https:\/\/4cantosalagoas.com.br\/portal\/wp-json\/wp\/v2\/categories?post=6419"},{"taxonomy":"post_tag","embeddable":true,"href":"https:\/\/4cantosalagoas.com.br\/portal\/wp-json\/wp\/v2\/tags?post=6419"}],"curies":[{"name":"wp","href":"https:\/\/api.w.org\/{rel}","templated":true}]}}