{"id":6416,"date":"2019-01-31T07:01:24","date_gmt":"2019-01-31T10:01:24","guid":{"rendered":"http:\/\/4cantosalagoas.com.br\/portal\/?p=6416"},"modified":"2019-01-31T07:01:24","modified_gmt":"2019-01-31T10:01:24","slug":"acao-integrada-elucida-morte-de-taxista-e-prende-quatro-envolvidos-no-crime","status":"publish","type":"post","link":"https:\/\/4cantosalagoas.com.br\/portal\/acao-integrada-elucida-morte-de-taxista-e-prende-quatro-envolvidos-no-crime\/","title":{"rendered":"A\u00e7\u00e3o integrada elucida morte de taxista e prende quatro envolvidos no crime"},"content":{"rendered":"<figure id=\"attachment_6417\" aria-describedby=\"caption-attachment-6417\" style=\"width: 300px\" class=\"wp-caption alignleft\"><img decoding=\"async\" class=\"size-medium wp-image-6417\" src=\"http:\/\/4cantosalagoas.com.br\/portal\/wp-content\/uploads\/2019\/01\/pcpcpcpc-300x146.jpg\" alt=\"\" width=\"300\" height=\"146\" srcset=\"https:\/\/4cantosalagoas.com.br\/portal\/wp-content\/uploads\/2019\/01\/pcpcpcpc-300x146.jpg 300w, https:\/\/4cantosalagoas.com.br\/portal\/wp-content\/uploads\/2019\/01\/pcpcpcpc-768x374.jpg 768w, https:\/\/4cantosalagoas.com.br\/portal\/wp-content\/uploads\/2019\/01\/pcpcpcpc.jpg 1024w, https:\/\/4cantosalagoas.com.br\/portal\/wp-content\/uploads\/2019\/01\/pcpcpcpc-375x182.jpg 375w, https:\/\/4cantosalagoas.com.br\/portal\/wp-content\/uploads\/2019\/01\/pcpcpcpc-465x226.jpg 465w, https:\/\/4cantosalagoas.com.br\/portal\/wp-content\/uploads\/2019\/01\/pcpcpcpc-695x338.jpg 695w\" sizes=\"(max-width: 300px) 100vw, 300px\" \/><figcaption id=\"caption-attachment-6417\" class=\"wp-caption-text\">Coletiva de imprensa concedida pela Pol\u00edcia Civil na sede da Secretaria de Seguran\u00e7a P\u00fablica com a presen\u00e7a do secret\u00e1rio Lima J\u00fanior, e dos delegados Ana Luiza Nogueira, F\u00e1bio Costa, Thiago Prado, Eduardo Mero e Rodrigo Sarmento.<\/figcaption><\/figure>\n<p>A Secretaria da Seguran\u00e7a P\u00fablica de Alagoas (SSP) realizou, na manh\u00e3 desta quarta-feira (30), uma coletiva de imprensa para dar detalhes do trabalho integrado entre as Pol\u00edcias Civil e Militar e que elucidou a morte do taxista Ed\u00edsio Correia Santos, de 64 anos. Quatro pessoas foram presas pelo crime.<\/p>\n<p>A a\u00e7\u00e3o para prender os envolvidos no crime teve participa\u00e7\u00e3o de equipes do 1\u00ba Batalh\u00e3o da Pol\u00edcia Militar, Delegacia de Homic\u00eddios (DHPP), Divis\u00e3o Especial de Investiga\u00e7\u00f5es e Capturas (Deic), Secretaria da Seguran\u00e7a P\u00fablica e as ag\u00eancias de Intelig\u00eancia.<\/p>\n<p>Segundo o delegado Rodrigo Sarmento, da Delegacia de Homic\u00eddios e Prote\u00e7\u00e3o \u00e0 Pessoa (DHPP), os quatro envolvidos no crime abordaram a v\u00edtima no \u00faltimo dia 22 de janeiro, por volta das 13 horas, no ponto de t\u00e1xi onde ele trabalhava, em frente ao Hospital Geral do Estado, no bairro do Trapiche.<\/p>\n<p>O ve\u00edculo de Ed\u00edsio foi localizado no dia seguinte abandonado na Rua Rodrigues Alves, no bairro do Prado. No mesmo dia, uma equipe da Delegacia de Homic\u00eddios foi acionada para um achado de cad\u00e1ver, que se tratava de Ed\u00edsio, na Ch\u00e3 Nova, parte alta de Macei\u00f3.<\/p>\n<p>Durante as investiga\u00e7\u00f5es, equipes do 1\u00ba Batalh\u00e3o conseguiram apurar que dois dos suspeitos de participa\u00e7\u00e3o no crime estavam se mudando \u00e0s pressas de suas resid\u00eancias, fato que chamou aten\u00e7\u00e3o das pol\u00edcias. Durante buscas nas resid\u00eancias de Guilherme Ferreira Vieira, de 18 anos, e Wanderson Felipe Salustiano dos Santos e Silva, conhecido como Wan, de 23 anos, a pol\u00edcia encontrou alguns objetos que pertenciam \u00e0 Ed\u00edsio. O rel\u00f3gio e o aparelho celular apreendidos foram reconhecidos pelos familiares.<\/p>\n<p>\u201cO Guilherme durante o interrogat\u00f3rio apontou que Welliton Henrique dos Santos teve um desentendimento com o taxista por conta de uma briga de tr\u00e2nsito, que n\u00e3o ficou muito bem esclarecida. Mas este teria sido o motivo para a morte. O Guilherme tamb\u00e9m apontou que Welliton era o dono do rev\u00f3lver usado no crime\u201d, explicou o delegado.<\/p>\n<p>Welliton tramou a morte de Ed\u00edsio e chamou Guilherme, Wanderson e Ralpho da Silva Gomes, de 42 anos, para cometerem um assalto, mas que na verdade seria apenas uma desculpa para que houvesse o crime, ressaltou o delegado Rodrigo Sarmento.<\/p>\n<p>\u201cO Welliton discutiu com o Ed\u00edsio, ordenou que ele sa\u00edsse correndo e efetuou um disparo. A v\u00edtima n\u00e3o reagiu e conclu\u00edmos que o crime ocorreu em virtude dessa desaven\u00e7a entre eles\u201d, completou.<\/p>\n<p>As pris\u00f5es preventivas dos quatro indiciados foram representadas \u00e0 9\u00aa Vara Criminal da Capital. Guilherme, Wanderson e Ralpho foram presos no dia 25 e Welliton preso no dia 26. Com as pris\u00f5es, a pol\u00edcia deu o caso como elucidado e remeteu os autos \u00e0 Justi\u00e7a.<\/p>\n<p>O secret\u00e1rio da Seguran\u00e7a P\u00fablica, Lima J\u00fanior, parabenizou as equipes policiais pelo trabalho integrado realizado e que em pouco tempo conseguiu dar uma resposta e elucidar mais um caso de homic\u00eddio.<\/p>\n<p>\u201cO apoio das equipes de Intelig\u00eancia, da Pol\u00edcia Militar, Pol\u00edcia Civil por meio da DHPP e Deic foi fundamental para chegar \u00e0 pris\u00e3o de todos os envolvidos no crime\u201d, afirmou.<\/p>\n<p>Assessoria<\/p>\n","protected":false},"excerpt":{"rendered":"<p>A Secretaria da Seguran\u00e7a P\u00fablica de Alagoas (SSP) realizou, na manh\u00e3 desta quarta-feira (30), uma coletiva de<\/p>\n","protected":false},"author":1,"featured_media":6417,"comment_status":"open","ping_status":"open","sticky":false,"template":"","format":"standard","meta":{"footnotes":""},"categories":[60],"tags":[],"class_list":["post-6416","post","type-post","status-publish","format-standard","has-post-thumbnail","hentry","category-capa"],"_links":{"self":[{"href":"https:\/\/4cantosalagoas.com.br\/portal\/wp-json\/wp\/v2\/posts\/6416","targetHints":{"allow":["GET"]}}],"collection":[{"href":"https:\/\/4cantosalagoas.com.br\/portal\/wp-json\/wp\/v2\/posts"}],"about":[{"href":"https:\/\/4cantosalagoas.com.br\/portal\/wp-json\/wp\/v2\/types\/post"}],"author":[{"embeddable":true,"href":"https:\/\/4cantosalagoas.com.br\/portal\/wp-json\/wp\/v2\/users\/1"}],"replies":[{"embeddable":true,"href":"https:\/\/4cantosalagoas.com.br\/portal\/wp-json\/wp\/v2\/comments?post=6416"}],"version-history":[{"count":1,"href":"https:\/\/4cantosalagoas.com.br\/portal\/wp-json\/wp\/v2\/posts\/6416\/revisions"}],"predecessor-version":[{"id":6418,"href":"https:\/\/4cantosalagoas.com.br\/portal\/wp-json\/wp\/v2\/posts\/6416\/revisions\/6418"}],"wp:featuredmedia":[{"embeddable":true,"href":"https:\/\/4cantosalagoas.com.br\/portal\/wp-json\/wp\/v2\/media\/6417"}],"wp:attachment":[{"href":"https:\/\/4cantosalagoas.com.br\/portal\/wp-json\/wp\/v2\/media?parent=6416"}],"wp:term":[{"taxonomy":"category","embeddable":true,"href":"https:\/\/4cantosalagoas.com.br\/portal\/wp-json\/wp\/v2\/categories?post=6416"},{"taxonomy":"post_tag","embeddable":true,"href":"https:\/\/4cantosalagoas.com.br\/portal\/wp-json\/wp\/v2\/tags?post=6416"}],"curies":[{"name":"wp","href":"https:\/\/api.w.org\/{rel}","templated":true}]}}