{"id":6277,"date":"2019-01-18T08:11:35","date_gmt":"2019-01-18T11:11:35","guid":{"rendered":"http:\/\/4cantosalagoas.com.br\/portal\/?p=6277"},"modified":"2019-01-18T08:53:57","modified_gmt":"2019-01-18T11:53:57","slug":"homem-e-preso-com-armas-de-fogo-em-santana-do-ipanema","status":"publish","type":"post","link":"https:\/\/4cantosalagoas.com.br\/portal\/homem-e-preso-com-armas-de-fogo-em-santana-do-ipanema\/","title":{"rendered":"Homem \u00e9 preso com armas de fogo em Santana do Ipanema"},"content":{"rendered":"<figure id=\"attachment_6278\" aria-describedby=\"caption-attachment-6278\" style=\"width: 300px\" class=\"wp-caption alignleft\"><img fetchpriority=\"high\" decoding=\"async\" class=\"size-medium wp-image-6278\" src=\"http:\/\/4cantosalagoas.com.br\/portal\/wp-content\/uploads\/2019\/01\/coletsd-300x225.jpg\" alt=\"\" width=\"300\" height=\"225\" srcset=\"https:\/\/4cantosalagoas.com.br\/portal\/wp-content\/uploads\/2019\/01\/coletsd-300x225.jpg 300w, https:\/\/4cantosalagoas.com.br\/portal\/wp-content\/uploads\/2019\/01\/coletsd-768x576.jpg 768w, https:\/\/4cantosalagoas.com.br\/portal\/wp-content\/uploads\/2019\/01\/coletsd-1024x768.jpg 1024w, https:\/\/4cantosalagoas.com.br\/portal\/wp-content\/uploads\/2019\/01\/coletsd-375x281.jpg 375w, https:\/\/4cantosalagoas.com.br\/portal\/wp-content\/uploads\/2019\/01\/coletsd-465x349.jpg 465w, https:\/\/4cantosalagoas.com.br\/portal\/wp-content\/uploads\/2019\/01\/coletsd-667x500.jpg 667w, https:\/\/4cantosalagoas.com.br\/portal\/wp-content\/uploads\/2019\/01\/coletsd.jpg 1280w\" sizes=\"(max-width: 300px) 100vw, 300px\" \/><figcaption id=\"caption-attachment-6278\" class=\"wp-caption-text\">Espingardas apreendidas, durante a\u00e7\u00e3o policial em Santana do Ipanema (Foto: ASCOM\/PC)<\/figcaption><\/figure>\n<p>Policiais civis da 2\u00aa Delegacia Regional de Santana do Ipanema (4\u00aa DRP), comandados pelo delegado Leonardo Oliveira de Vasconcelos, apreenderam duas armas de fogo (uma espingarda calibre 12 e outra espingarda artesanal),\u00a0 na resid\u00eancia de Paulo Gabriel da Soledade, localizada na Serra do Ara\u00e7\u00e1, zona rural daquele munic\u00edpio. A a\u00e7\u00e3o policial teve o apoio de policiais militares.<\/p>\n<p>Paulo Gabriel foi conduzido para a delegacia regional, onde foi autuado em flagrante pelo crime de posse irregular de arma de fogo.<\/p>\n<p>Assessoria<\/p>\n","protected":false},"excerpt":{"rendered":"<p>Policiais civis da 2\u00aa Delegacia Regional de Santana do Ipanema (4\u00aa DRP), comandados pelo delegado Leonardo Oliveira<\/p>\n","protected":false},"author":1,"featured_media":6278,"comment_status":"open","ping_status":"open","sticky":false,"template":"","format":"standard","meta":{"footnotes":""},"categories":[60,4],"tags":[],"class_list":["post-6277","post","type-post","status-publish","format-standard","has-post-thumbnail","hentry","category-capa","category-noticias"],"_links":{"self":[{"href":"https:\/\/4cantosalagoas.com.br\/portal\/wp-json\/wp\/v2\/posts\/6277","targetHints":{"allow":["GET"]}}],"collection":[{"href":"https:\/\/4cantosalagoas.com.br\/portal\/wp-json\/wp\/v2\/posts"}],"about":[{"href":"https:\/\/4cantosalagoas.com.br\/portal\/wp-json\/wp\/v2\/types\/post"}],"author":[{"embeddable":true,"href":"https:\/\/4cantosalagoas.com.br\/portal\/wp-json\/wp\/v2\/users\/1"}],"replies":[{"embeddable":true,"href":"https:\/\/4cantosalagoas.com.br\/portal\/wp-json\/wp\/v2\/comments?post=6277"}],"version-history":[{"count":1,"href":"https:\/\/4cantosalagoas.com.br\/portal\/wp-json\/wp\/v2\/posts\/6277\/revisions"}],"predecessor-version":[{"id":6279,"href":"https:\/\/4cantosalagoas.com.br\/portal\/wp-json\/wp\/v2\/posts\/6277\/revisions\/6279"}],"wp:featuredmedia":[{"embeddable":true,"href":"https:\/\/4cantosalagoas.com.br\/portal\/wp-json\/wp\/v2\/media\/6278"}],"wp:attachment":[{"href":"https:\/\/4cantosalagoas.com.br\/portal\/wp-json\/wp\/v2\/media?parent=6277"}],"wp:term":[{"taxonomy":"category","embeddable":true,"href":"https:\/\/4cantosalagoas.com.br\/portal\/wp-json\/wp\/v2\/categories?post=6277"},{"taxonomy":"post_tag","embeddable":true,"href":"https:\/\/4cantosalagoas.com.br\/portal\/wp-json\/wp\/v2\/tags?post=6277"}],"curies":[{"name":"wp","href":"https:\/\/api.w.org\/{rel}","templated":true}]}}