{"id":6211,"date":"2019-01-14T07:24:44","date_gmt":"2019-01-14T10:24:44","guid":{"rendered":"http:\/\/4cantosalagoas.com.br\/portal\/?p=6211"},"modified":"2019-01-14T07:24:44","modified_gmt":"2019-01-14T10:24:44","slug":"colisao-entre-carro-e-moto-deixa-homem-ferido-no-interior-de-alagoas","status":"publish","type":"post","link":"https:\/\/4cantosalagoas.com.br\/portal\/colisao-entre-carro-e-moto-deixa-homem-ferido-no-interior-de-alagoas\/","title":{"rendered":"Colis\u00e3o entre carro e moto deixa homem ferido no interior de Alagoas"},"content":{"rendered":"<figure id=\"attachment_6212\" aria-describedby=\"caption-attachment-6212\" style=\"width: 300px\" class=\"wp-caption alignleft\"><img fetchpriority=\"high\" decoding=\"async\" class=\"size-medium wp-image-6212\" src=\"http:\/\/4cantosalagoas.com.br\/portal\/wp-content\/uploads\/2019\/01\/samasrt-300x209.jpeg\" alt=\"\" width=\"300\" height=\"209\" srcset=\"https:\/\/4cantosalagoas.com.br\/portal\/wp-content\/uploads\/2019\/01\/samasrt-300x209.jpeg 300w, https:\/\/4cantosalagoas.com.br\/portal\/wp-content\/uploads\/2019\/01\/samasrt-375x261.jpeg 375w, https:\/\/4cantosalagoas.com.br\/portal\/wp-content\/uploads\/2019\/01\/samasrt-360x250.jpeg 360w, https:\/\/4cantosalagoas.com.br\/portal\/wp-content\/uploads\/2019\/01\/samasrt.jpeg 460w\" sizes=\"(max-width: 300px) 100vw, 300px\" \/><figcaption id=\"caption-attachment-6212\" class=\"wp-caption-text\">V\u00edtima de colis\u00e3o em Feira Grande<br \/>Josival Meneses<\/figcaption><\/figure>\n<p>Um motociclista ficou ferido ap\u00f3s colidir com um carro, na zona rural de Feira Grande, no in\u00edcio da tarde deste domingo (13).<\/p>\n<p>Segundo informa\u00e7\u00f5es o homem identificado como Jean Silva de 23 anos, sofreu uma fratura exposta no bra\u00e7o.<\/p>\n<p>O Samu foi acionado e a v\u00edtima foi encaminhada para o Hospital de Emerg\u00eancia do Agreste.<\/p>\n<p>Fonte: 7segundos<\/p>\n","protected":false},"excerpt":{"rendered":"<p>Um motociclista ficou ferido ap\u00f3s colidir com um carro, na zona rural de Feira Grande, no in\u00edcio<\/p>\n","protected":false},"author":1,"featured_media":6212,"comment_status":"open","ping_status":"open","sticky":false,"template":"","format":"standard","meta":{"footnotes":""},"categories":[60],"tags":[],"class_list":["post-6211","post","type-post","status-publish","format-standard","has-post-thumbnail","hentry","category-capa"],"_links":{"self":[{"href":"https:\/\/4cantosalagoas.com.br\/portal\/wp-json\/wp\/v2\/posts\/6211","targetHints":{"allow":["GET"]}}],"collection":[{"href":"https:\/\/4cantosalagoas.com.br\/portal\/wp-json\/wp\/v2\/posts"}],"about":[{"href":"https:\/\/4cantosalagoas.com.br\/portal\/wp-json\/wp\/v2\/types\/post"}],"author":[{"embeddable":true,"href":"https:\/\/4cantosalagoas.com.br\/portal\/wp-json\/wp\/v2\/users\/1"}],"replies":[{"embeddable":true,"href":"https:\/\/4cantosalagoas.com.br\/portal\/wp-json\/wp\/v2\/comments?post=6211"}],"version-history":[{"count":1,"href":"https:\/\/4cantosalagoas.com.br\/portal\/wp-json\/wp\/v2\/posts\/6211\/revisions"}],"predecessor-version":[{"id":6213,"href":"https:\/\/4cantosalagoas.com.br\/portal\/wp-json\/wp\/v2\/posts\/6211\/revisions\/6213"}],"wp:featuredmedia":[{"embeddable":true,"href":"https:\/\/4cantosalagoas.com.br\/portal\/wp-json\/wp\/v2\/media\/6212"}],"wp:attachment":[{"href":"https:\/\/4cantosalagoas.com.br\/portal\/wp-json\/wp\/v2\/media?parent=6211"}],"wp:term":[{"taxonomy":"category","embeddable":true,"href":"https:\/\/4cantosalagoas.com.br\/portal\/wp-json\/wp\/v2\/categories?post=6211"},{"taxonomy":"post_tag","embeddable":true,"href":"https:\/\/4cantosalagoas.com.br\/portal\/wp-json\/wp\/v2\/tags?post=6211"}],"curies":[{"name":"wp","href":"https:\/\/api.w.org\/{rel}","templated":true}]}}