{"id":6208,"date":"2019-01-13T07:11:52","date_gmt":"2019-01-13T10:11:52","guid":{"rendered":"http:\/\/4cantosalagoas.com.br\/portal\/?p=6208"},"modified":"2019-01-13T07:11:52","modified_gmt":"2019-01-13T10:11:52","slug":"prefeitura-implanta-novas-sinalizacoes-em-vias-de-maceio","status":"publish","type":"post","link":"https:\/\/4cantosalagoas.com.br\/portal\/prefeitura-implanta-novas-sinalizacoes-em-vias-de-maceio\/","title":{"rendered":"Prefeitura implanta novas sinaliza\u00e7\u00f5es em vias de Macei\u00f3"},"content":{"rendered":"<figure id=\"attachment_6209\" aria-describedby=\"caption-attachment-6209\" style=\"width: 300px\" class=\"wp-caption alignleft\"><img fetchpriority=\"high\" decoding=\"async\" class=\"size-medium wp-image-6209\" src=\"http:\/\/4cantosalagoas.com.br\/portal\/wp-content\/uploads\/2019\/01\/sisnsnaf-300x280.jpeg\" alt=\"\" width=\"300\" height=\"280\" srcset=\"https:\/\/4cantosalagoas.com.br\/portal\/wp-content\/uploads\/2019\/01\/sisnsnaf-300x280.jpeg 300w, https:\/\/4cantosalagoas.com.br\/portal\/wp-content\/uploads\/2019\/01\/sisnsnaf-768x716.jpeg 768w, https:\/\/4cantosalagoas.com.br\/portal\/wp-content\/uploads\/2019\/01\/sisnsnaf-375x350.jpeg 375w, https:\/\/4cantosalagoas.com.br\/portal\/wp-content\/uploads\/2019\/01\/sisnsnaf-465x434.jpeg 465w, https:\/\/4cantosalagoas.com.br\/portal\/wp-content\/uploads\/2019\/01\/sisnsnaf-536x500.jpeg 536w, https:\/\/4cantosalagoas.com.br\/portal\/wp-content\/uploads\/2019\/01\/sisnsnaf.jpeg 774w\" sizes=\"(max-width: 300px) 100vw, 300px\" \/><figcaption id=\"caption-attachment-6209\" class=\"wp-caption-text\">Nova placa de tr\u00e2nsito no bairro Mangabeiras.<\/figcaption><\/figure>\n<p>A Prefeitura de Macei\u00f3 instalou esta semana, por meio da Superintend\u00eancia Municipal de Transportes e Tr\u00e2nsito (SMTT), cinco placas de tr\u00e2nsito em vias da parte baixa de Macei\u00f3. Al\u00e9m das novas sinaliza\u00e7\u00f5es verticais, duas vias tamb\u00e9m receberam o servi\u00e7o de requalifica\u00e7\u00e3o de faixas de pedestres.<\/p>\n<p>As avenidas Comendador Cala\u00e7a, Comendador Gustavo Paiva e Industrial C\u00edcero Toledo, nos bairros do Po\u00e7o, Mangabeiras e Jaragu\u00e1, respectivamente, receberam novas placas de sinaliza\u00e7\u00e3o de tr\u00e2nsito.<\/p>\n<p>\u201cN\u00f3s instalamos placas que auxiliam os condutores na hora de trafegar pelas vias da cidade, desde indicativas de m\u00e3o e contram\u00e3o, at\u00e9 as que mostram os locais proibidos para estacionar\u201d, explica a assessora t\u00e9cnica de Obras Vi\u00e1rias da SMTT, Daniela Loureiro.<\/p>\n<div id=\"attachment_282352\" class=\"wp-caption aligncenter\"><img decoding=\"async\" class=\"size-large wp-image-282352\" src=\"http:\/\/www.maceio.al.gov.br\/wp-content\/uploads\/2019\/01\/jpeg\/2019\/01\/WhatsApp-Image-2019-01-11-at-11.43.18-1024x576.jpeg\" sizes=\"(max-width: 1024px) 100vw, 1024px\" srcset=\"http:\/\/www.maceio.al.gov.br\/wp-content\/uploads\/2019\/01\/jpeg\/2019\/01\/WhatsApp-Image-2019-01-11-at-11.43.18-1024x576.jpeg 1024w, http:\/\/www.maceio.al.gov.br\/wp-content\/uploads\/2019\/01\/jpeg\/2019\/01\/WhatsApp-Image-2019-01-11-at-11.43.18-150x84.jpeg 150w, http:\/\/www.maceio.al.gov.br\/wp-content\/uploads\/2019\/01\/jpeg\/2019\/01\/WhatsApp-Image-2019-01-11-at-11.43.18-300x169.jpeg 300w, http:\/\/www.maceio.al.gov.br\/wp-content\/uploads\/2019\/01\/jpeg\/2019\/01\/WhatsApp-Image-2019-01-11-at-11.43.18-768x432.jpeg 768w, http:\/\/www.maceio.al.gov.br\/wp-content\/uploads\/2019\/01\/jpeg\/2019\/01\/WhatsApp-Image-2019-01-11-at-11.43.18.jpeg 1280w\" alt=\"\" width=\"1024\" height=\"576\" \/><\/p>\n<p class=\"wp-caption-text\">Avenida M\u00e1rcio Canuto, no Barro Duro, recebeu requalifica\u00e7\u00e3o de sinaliza\u00e7\u00e3o horizontal. Foto: Ascom SMTT<\/p>\n<\/div>\n<p>J\u00e1 as avenidas M\u00e1rcio Canuto e Jo\u00e3o Davino, no Barro Duro e Jati\u00faca, respectivamente, foram contempladas com a revitaliza\u00e7\u00e3o da sinaliza\u00e7\u00e3o horizontal. Os trabalhos de instala\u00e7\u00e3o e manuten\u00e7\u00e3o das sinaliza\u00e7\u00f5es t\u00eam sido feitos de forma ostensiva para auxiliar na constru\u00e7\u00e3o de um tr\u00e2nsito cada vez mais seguro.<\/p>\n<p>Ascom SMTT<\/p>\n","protected":false},"excerpt":{"rendered":"<p>A Prefeitura de Macei\u00f3 instalou esta semana, por meio da Superintend\u00eancia Municipal de Transportes e Tr\u00e2nsito (SMTT),<\/p>\n","protected":false},"author":1,"featured_media":6209,"comment_status":"open","ping_status":"open","sticky":false,"template":"","format":"standard","meta":{"footnotes":""},"categories":[60],"tags":[],"class_list":["post-6208","post","type-post","status-publish","format-standard","has-post-thumbnail","hentry","category-capa"],"_links":{"self":[{"href":"https:\/\/4cantosalagoas.com.br\/portal\/wp-json\/wp\/v2\/posts\/6208","targetHints":{"allow":["GET"]}}],"collection":[{"href":"https:\/\/4cantosalagoas.com.br\/portal\/wp-json\/wp\/v2\/posts"}],"about":[{"href":"https:\/\/4cantosalagoas.com.br\/portal\/wp-json\/wp\/v2\/types\/post"}],"author":[{"embeddable":true,"href":"https:\/\/4cantosalagoas.com.br\/portal\/wp-json\/wp\/v2\/users\/1"}],"replies":[{"embeddable":true,"href":"https:\/\/4cantosalagoas.com.br\/portal\/wp-json\/wp\/v2\/comments?post=6208"}],"version-history":[{"count":1,"href":"https:\/\/4cantosalagoas.com.br\/portal\/wp-json\/wp\/v2\/posts\/6208\/revisions"}],"predecessor-version":[{"id":6210,"href":"https:\/\/4cantosalagoas.com.br\/portal\/wp-json\/wp\/v2\/posts\/6208\/revisions\/6210"}],"wp:featuredmedia":[{"embeddable":true,"href":"https:\/\/4cantosalagoas.com.br\/portal\/wp-json\/wp\/v2\/media\/6209"}],"wp:attachment":[{"href":"https:\/\/4cantosalagoas.com.br\/portal\/wp-json\/wp\/v2\/media?parent=6208"}],"wp:term":[{"taxonomy":"category","embeddable":true,"href":"https:\/\/4cantosalagoas.com.br\/portal\/wp-json\/wp\/v2\/categories?post=6208"},{"taxonomy":"post_tag","embeddable":true,"href":"https:\/\/4cantosalagoas.com.br\/portal\/wp-json\/wp\/v2\/tags?post=6208"}],"curies":[{"name":"wp","href":"https:\/\/api.w.org\/{rel}","templated":true}]}}