{"id":6191,"date":"2019-01-12T06:34:30","date_gmt":"2019-01-12T09:34:30","guid":{"rendered":"http:\/\/4cantosalagoas.com.br\/portal\/?p=6191"},"modified":"2019-01-12T06:34:30","modified_gmt":"2019-01-12T09:34:30","slug":"escoteiros-do-fogo-promovem-acao-de-prevencao-na-praia-de-pajucara","status":"publish","type":"post","link":"https:\/\/4cantosalagoas.com.br\/portal\/escoteiros-do-fogo-promovem-acao-de-prevencao-na-praia-de-pajucara\/","title":{"rendered":"Escoteiros do Fogo promovem a\u00e7\u00e3o de preven\u00e7\u00e3o na praia de Paju\u00e7ara"},"content":{"rendered":"<figure id=\"attachment_6192\" aria-describedby=\"caption-attachment-6192\" style=\"width: 300px\" class=\"wp-caption alignleft\"><img fetchpriority=\"high\" decoding=\"async\" class=\"size-medium wp-image-6192\" src=\"http:\/\/4cantosalagoas.com.br\/portal\/wp-content\/uploads\/2019\/01\/eco-300x175.jpg\" alt=\"\" width=\"300\" height=\"175\" srcset=\"https:\/\/4cantosalagoas.com.br\/portal\/wp-content\/uploads\/2019\/01\/eco-300x175.jpg 300w, https:\/\/4cantosalagoas.com.br\/portal\/wp-content\/uploads\/2019\/01\/eco-375x219.jpg 375w, https:\/\/4cantosalagoas.com.br\/portal\/wp-content\/uploads\/2019\/01\/eco-460x270.jpg 460w, https:\/\/4cantosalagoas.com.br\/portal\/wp-content\/uploads\/2019\/01\/eco-465x271.jpg 465w, https:\/\/4cantosalagoas.com.br\/portal\/wp-content\/uploads\/2019\/01\/eco.jpg 600w\" sizes=\"(max-width: 300px) 100vw, 300px\" \/><figcaption id=\"caption-attachment-6192\" class=\"wp-caption-text\">Escoteiros do Fogo v\u00e3o passar orienta\u00e7\u00f5es para diminuir n\u00famero de crian\u00e7as perdidas nas praias de Macei\u00f3 &#8211; Alan Fagner\/Ag\u00eancia Alagoas<\/figcaption><\/figure>\n<p>Uma das ocorr\u00eancias mais comuns nas praias \u00e9 a de crian\u00e7as perdidas, especialmente nos finais de semana e feriados. Somente entre os dias 28 de dezembro e 1\u00ba de janeiro, foram registrados 48 casos nas praias de Macei\u00f3 e de Marechal Deodoro. Esses dados chamaram a aten\u00e7\u00e3o do Grupo Escoteiro do Fogo Charlie Bravo Zero 193\/AL, que realiza uma a\u00e7\u00e3o de preven\u00e7\u00e3o na praia de Paju\u00e7ara, na manh\u00e3 deste s\u00e1bado (12).<\/p>\n<p>A a\u00e7\u00e3o ter\u00e1 in\u00edcio na sede do Grupamento de Busca e Salvamento (GBS), seguindo em dire\u00e7\u00e3o ao antigo Alagoinhas. \u201cA a\u00e7\u00e3o se faz com os escoteiros abordando fam\u00edlias e banhistas da praia de Paju\u00e7ara fazendo uma breve entrevista para o levantamento de dados estat\u00edsticos e a coloca\u00e7\u00e3o de pulseirinhas de identifica\u00e7\u00e3o nas crian\u00e7as. Nesse momento, ser\u00e3o transmitidas dicas de seguran\u00e7a no tocante a minimiza\u00e7\u00e3o de ocorr\u00eancias com crian\u00e7as perdidas na praia, bem como grandes eventos\u201d, explica o major R\u00f4mulo Guedes, chefe escoteiro.<\/p>\n<p>Com essa atividade os Escoteiros receber\u00e3o o distintivo Mensageiros da Paz. O distintivo exige o desenvolvimento e participa\u00e7\u00e3o em um projeto comunit\u00e1rio de servi\u00e7o, enquadrado nos seguintes \u00e2mbitos: promo\u00e7\u00e3o de projeto espec\u00edfico de paz, apoio a jovens que vivam uma situa\u00e7\u00e3o de conflito e aplica\u00e7\u00e3o da cultura educacional prevencionista.<\/p>\n<p>Durante a concentra\u00e7\u00e3o, os escoteiros receber\u00e3o instru\u00e7\u00f5es da psic\u00f3loga Anna Carolina sobre os poss\u00edveis traumas e o sentimento de perda e abandono que as crian\u00e7as sentem nesse tipo de situa\u00e7\u00e3o. Tamb\u00e9m ser\u00e1 feita uma visita \u00e0 barraca do 6 Horas (pr\u00f3ximo ao Lopana), que j\u00e1 faz a distribui\u00e7\u00e3o gratuita de pulseirinhas \u00e0s crian\u00e7as que chegam com seus clientes.<\/p>\n<p><b>Os Escoteiros do Fogo<\/b><\/p>\n<p>Grupo Escoteiro do Fogo Charlie Bravo Zero 193\/AL foi criado em 2017 e conta com crian\u00e7as entre 11 e 14 anos. Tem sede no quartel do comando geral do Corpo de Bombeiros Militar de Alagoas (CBMAL) e promove reuni\u00f5es semanais, al\u00e9m de eventos e a\u00e7\u00f5es sociais.<\/p>\n<p>Os Escoteiros s\u00e3o uma Rede Global de Servi\u00e7o que capacita jovens a se tornarem cidad\u00e3os ativos e l\u00edderes de mudan\u00e7a positiva atrav\u00e9s do servi\u00e7o comunit\u00e1rio.<\/p>\n<div class=\"clearfix\"><\/div>\n<p>&nbsp;<\/p>\n<p>Fonte:\u00a0<strong>Ag\u00eancia Alagoas<\/strong><\/p>\n","protected":false},"excerpt":{"rendered":"<p>Uma das ocorr\u00eancias mais comuns nas praias \u00e9 a de crian\u00e7as perdidas, especialmente nos finais de semana<\/p>\n","protected":false},"author":1,"featured_media":6192,"comment_status":"open","ping_status":"open","sticky":false,"template":"","format":"standard","meta":{"footnotes":""},"categories":[60],"tags":[],"class_list":["post-6191","post","type-post","status-publish","format-standard","has-post-thumbnail","hentry","category-capa"],"_links":{"self":[{"href":"https:\/\/4cantosalagoas.com.br\/portal\/wp-json\/wp\/v2\/posts\/6191","targetHints":{"allow":["GET"]}}],"collection":[{"href":"https:\/\/4cantosalagoas.com.br\/portal\/wp-json\/wp\/v2\/posts"}],"about":[{"href":"https:\/\/4cantosalagoas.com.br\/portal\/wp-json\/wp\/v2\/types\/post"}],"author":[{"embeddable":true,"href":"https:\/\/4cantosalagoas.com.br\/portal\/wp-json\/wp\/v2\/users\/1"}],"replies":[{"embeddable":true,"href":"https:\/\/4cantosalagoas.com.br\/portal\/wp-json\/wp\/v2\/comments?post=6191"}],"version-history":[{"count":1,"href":"https:\/\/4cantosalagoas.com.br\/portal\/wp-json\/wp\/v2\/posts\/6191\/revisions"}],"predecessor-version":[{"id":6193,"href":"https:\/\/4cantosalagoas.com.br\/portal\/wp-json\/wp\/v2\/posts\/6191\/revisions\/6193"}],"wp:featuredmedia":[{"embeddable":true,"href":"https:\/\/4cantosalagoas.com.br\/portal\/wp-json\/wp\/v2\/media\/6192"}],"wp:attachment":[{"href":"https:\/\/4cantosalagoas.com.br\/portal\/wp-json\/wp\/v2\/media?parent=6191"}],"wp:term":[{"taxonomy":"category","embeddable":true,"href":"https:\/\/4cantosalagoas.com.br\/portal\/wp-json\/wp\/v2\/categories?post=6191"},{"taxonomy":"post_tag","embeddable":true,"href":"https:\/\/4cantosalagoas.com.br\/portal\/wp-json\/wp\/v2\/tags?post=6191"}],"curies":[{"name":"wp","href":"https:\/\/api.w.org\/{rel}","templated":true}]}}