{"id":6140,"date":"2019-01-09T06:59:25","date_gmt":"2019-01-09T09:59:25","guid":{"rendered":"http:\/\/4cantosalagoas.com.br\/portal\/?p=6140"},"modified":"2019-01-09T06:59:25","modified_gmt":"2019-01-09T09:59:25","slug":"pinheiro-defesa-civil-cadastra-familias-para-ajuda-humanitaria","status":"publish","type":"post","link":"https:\/\/4cantosalagoas.com.br\/portal\/pinheiro-defesa-civil-cadastra-familias-para-ajuda-humanitaria\/","title":{"rendered":"Pinheiro: Defesa Civil cadastra fam\u00edlias para ajuda humanit\u00e1ria"},"content":{"rendered":"<figure id=\"attachment_6141\" aria-describedby=\"caption-attachment-6141\" style=\"width: 300px\" class=\"wp-caption alignleft\"><img fetchpriority=\"high\" decoding=\"async\" class=\"size-medium wp-image-6141\" src=\"http:\/\/4cantosalagoas.com.br\/portal\/wp-content\/uploads\/2019\/01\/t65se4-300x225.jpeg\" alt=\"\" width=\"300\" height=\"225\" srcset=\"https:\/\/4cantosalagoas.com.br\/portal\/wp-content\/uploads\/2019\/01\/t65se4-300x225.jpeg 300w, https:\/\/4cantosalagoas.com.br\/portal\/wp-content\/uploads\/2019\/01\/t65se4-768x576.jpeg 768w, https:\/\/4cantosalagoas.com.br\/portal\/wp-content\/uploads\/2019\/01\/t65se4-1024x768.jpeg 1024w, https:\/\/4cantosalagoas.com.br\/portal\/wp-content\/uploads\/2019\/01\/t65se4-375x281.jpeg 375w, https:\/\/4cantosalagoas.com.br\/portal\/wp-content\/uploads\/2019\/01\/t65se4-465x349.jpeg 465w, https:\/\/4cantosalagoas.com.br\/portal\/wp-content\/uploads\/2019\/01\/t65se4-667x500.jpeg 667w, https:\/\/4cantosalagoas.com.br\/portal\/wp-content\/uploads\/2019\/01\/t65se4.jpeg 1280w\" sizes=\"(max-width: 300px) 100vw, 300px\" \/><figcaption id=\"caption-attachment-6141\" class=\"wp-caption-text\">Fam\u00edlias que deixaram seu im\u00f3veis est\u00e3o sendo cadastradas pela Defesa Civil. Foto: Lucas Alc\u00e2ntara\/ Ascom Semds<\/figcaption><\/figure>\n<p>A Secretaria Adjunta Especial de Defesa Civil iniciou, nesta ter\u00e7a-feira (08), o cadastro de fam\u00edlias no bairro Pinheiro para a inclus\u00e3o na ajuda humanit\u00e1ria em decorr\u00eancia das fissuras na regi\u00e3o, processo que prev\u00ea o aux\u00edlio moradia concedido pelo Governo Federal.O cadastramento teve in\u00edcio no conjunto Divaldo Suruagy, contemplando 24 propriet\u00e1rios de im\u00f3veis, e continua nesta quarta-feira (09) nos Conjuntos Potengy e Jardim Ac\u00e1cia.<\/p>\n<p>\u201cAp\u00f3s o reconhecimento ao decreto de emerg\u00eancia, fizemos uma s\u00e9rie de solicita\u00e7\u00f5es ao Governo Federal em rela\u00e7\u00e3o ao Pinheiro. Uma das primeiras medidas foi referente \u00e0 ajuda humanit\u00e1ria, que prev\u00ea o aux\u00edlio moradia e deve contemplar inicialmente as fam\u00edlias que recomendamos a evacua\u00e7\u00e3o do im\u00f3vel em decorr\u00eancia do agravamento das fissuras. Estamos realizando o cadastro seguindo as orienta\u00e7\u00f5es da Uni\u00e3o e encaminharemos toda a documenta\u00e7\u00e3o para que, em breve, as fam\u00edlias recebam o benef\u00edcio\u201d, explicou o titular da Defesa Civil, Din\u00e1rio Lemos.<\/p>\n<p>Hoje, a m\u00e9dia estabelecida pela Defesa Civil Nacional para o aux\u00edlio moradia \u00e9 de aproximadamente R$ 450. No entanto, segundo explica Din\u00e1rio Lemos, a Prefeitura solicitou o valor de R$ 1 mil por fam\u00edlia, levando em considera\u00e7\u00e3o os dados da renda per capita da regi\u00e3o e outras informa\u00e7\u00f5es provenientes do senso realizado pela Secretaria Municipal de Assist\u00eancia Social (Semas). \u201cA solicita\u00e7\u00e3o do recurso j\u00e1 foi encaminhada ao Governo Federal, que deve definir o valor final a ser concedido aos que deixaram seus im\u00f3veis. Vamos encaminhar, agora, os cadastros e vamos aguardar a libera\u00e7\u00e3o\u201d, completou Lemos.<\/p>\n<div id=\"attachment_281903\" class=\"wp-caption aligncenter\"><img decoding=\"async\" class=\"size-large wp-image-281903\" src=\"http:\/\/www.maceio.al.gov.br\/wp-content\/uploads\/2019\/01\/jpeg\/2019\/01\/WhatsApp-Image-2019-01-08-at-16.36.33-1024x768.jpeg\" sizes=\"(max-width: 1024px) 100vw, 1024px\" srcset=\"http:\/\/www.maceio.al.gov.br\/wp-content\/uploads\/2019\/01\/jpeg\/2019\/01\/WhatsApp-Image-2019-01-08-at-16.36.33-1024x768.jpeg 1024w, http:\/\/www.maceio.al.gov.br\/wp-content\/uploads\/2019\/01\/jpeg\/2019\/01\/WhatsApp-Image-2019-01-08-at-16.36.33-150x113.jpeg 150w, http:\/\/www.maceio.al.gov.br\/wp-content\/uploads\/2019\/01\/jpeg\/2019\/01\/WhatsApp-Image-2019-01-08-at-16.36.33-300x225.jpeg 300w, http:\/\/www.maceio.al.gov.br\/wp-content\/uploads\/2019\/01\/jpeg\/2019\/01\/WhatsApp-Image-2019-01-08-at-16.36.33-768x576.jpeg 768w, http:\/\/www.maceio.al.gov.br\/wp-content\/uploads\/2019\/01\/jpeg\/2019\/01\/WhatsApp-Image-2019-01-08-at-16.36.33.jpeg 1280w\" alt=\"\" width=\"1024\" height=\"768\" \/><\/p>\n<p class=\"wp-caption-text\">Informa\u00e7\u00f5es coletadas no cadastros ser\u00e3o encaminhadas ao Governo Federal. Foto: Lucas Alc\u00e2ntara\/ Ascom Semds<\/p>\n<\/div>\n<p>Coordenadora de A\u00e7\u00e3o Social da Defesa Civil, Joanna Borba esclareceu que, para ser cadastrado, o propriet\u00e1rio deve apresentar documentos pessoais e do im\u00f3vel para comprovar a posse. \u201cA prioridade, neste momento, \u00e9 para as fam\u00edlias que deixaram seus im\u00f3veis por recomenda\u00e7\u00e3o da Defesa Civil. S\u00e3o, em m\u00e9dia, 60 fam\u00edlias que receberam a recomenda\u00e7\u00e3o, no entanto o n\u00famero deve aumentar ap\u00f3s novas avalia\u00e7\u00f5es e recomenda\u00e7\u00f5es. Os que deixaram seus im\u00f3veis por conta pr\u00f3pria devem acionar a nossa equipe para que a casa ou apartamento seja avaliada\u201d, disse.<\/p>\n<p>Lucas Alc\u00e2ntara\/ Ascom Semds<\/p>\n","protected":false},"excerpt":{"rendered":"<p>A Secretaria Adjunta Especial de Defesa Civil iniciou, nesta ter\u00e7a-feira (08), o cadastro de fam\u00edlias no bairro<\/p>\n","protected":false},"author":1,"featured_media":6141,"comment_status":"open","ping_status":"open","sticky":false,"template":"","format":"standard","meta":{"footnotes":""},"categories":[60],"tags":[],"class_list":["post-6140","post","type-post","status-publish","format-standard","has-post-thumbnail","hentry","category-capa"],"_links":{"self":[{"href":"https:\/\/4cantosalagoas.com.br\/portal\/wp-json\/wp\/v2\/posts\/6140","targetHints":{"allow":["GET"]}}],"collection":[{"href":"https:\/\/4cantosalagoas.com.br\/portal\/wp-json\/wp\/v2\/posts"}],"about":[{"href":"https:\/\/4cantosalagoas.com.br\/portal\/wp-json\/wp\/v2\/types\/post"}],"author":[{"embeddable":true,"href":"https:\/\/4cantosalagoas.com.br\/portal\/wp-json\/wp\/v2\/users\/1"}],"replies":[{"embeddable":true,"href":"https:\/\/4cantosalagoas.com.br\/portal\/wp-json\/wp\/v2\/comments?post=6140"}],"version-history":[{"count":1,"href":"https:\/\/4cantosalagoas.com.br\/portal\/wp-json\/wp\/v2\/posts\/6140\/revisions"}],"predecessor-version":[{"id":6142,"href":"https:\/\/4cantosalagoas.com.br\/portal\/wp-json\/wp\/v2\/posts\/6140\/revisions\/6142"}],"wp:featuredmedia":[{"embeddable":true,"href":"https:\/\/4cantosalagoas.com.br\/portal\/wp-json\/wp\/v2\/media\/6141"}],"wp:attachment":[{"href":"https:\/\/4cantosalagoas.com.br\/portal\/wp-json\/wp\/v2\/media?parent=6140"}],"wp:term":[{"taxonomy":"category","embeddable":true,"href":"https:\/\/4cantosalagoas.com.br\/portal\/wp-json\/wp\/v2\/categories?post=6140"},{"taxonomy":"post_tag","embeddable":true,"href":"https:\/\/4cantosalagoas.com.br\/portal\/wp-json\/wp\/v2\/tags?post=6140"}],"curies":[{"name":"wp","href":"https:\/\/api.w.org\/{rel}","templated":true}]}}