{"id":6131,"date":"2019-01-08T07:38:03","date_gmt":"2019-01-08T10:38:03","guid":{"rendered":"http:\/\/4cantosalagoas.com.br\/portal\/?p=6131"},"modified":"2019-01-08T07:38:03","modified_gmt":"2019-01-08T10:38:03","slug":"cultura-lanca-edital-de-ajuda-de-custo-para-blocos-carnavalescos","status":"publish","type":"post","link":"https:\/\/4cantosalagoas.com.br\/portal\/cultura-lanca-edital-de-ajuda-de-custo-para-blocos-carnavalescos\/","title":{"rendered":"Cultura lan\u00e7a edital de ajuda de custo para blocos carnavalescos"},"content":{"rendered":"<figure id=\"attachment_6132\" aria-describedby=\"caption-attachment-6132\" style=\"width: 300px\" class=\"wp-caption alignleft\"><img fetchpriority=\"high\" decoding=\"async\" class=\"size-medium wp-image-6132\" src=\"http:\/\/4cantosalagoas.com.br\/portal\/wp-content\/uploads\/2019\/01\/abc5s5s4d-300x200.jpg\" alt=\"\" width=\"300\" height=\"200\" srcset=\"https:\/\/4cantosalagoas.com.br\/portal\/wp-content\/uploads\/2019\/01\/abc5s5s4d-300x200.jpg 300w, https:\/\/4cantosalagoas.com.br\/portal\/wp-content\/uploads\/2019\/01\/abc5s5s4d-768x512.jpg 768w, https:\/\/4cantosalagoas.com.br\/portal\/wp-content\/uploads\/2019\/01\/abc5s5s4d.jpg 1024w, https:\/\/4cantosalagoas.com.br\/portal\/wp-content\/uploads\/2019\/01\/abc5s5s4d-375x250.jpg 375w, https:\/\/4cantosalagoas.com.br\/portal\/wp-content\/uploads\/2019\/01\/abc5s5s4d-465x310.jpg 465w, https:\/\/4cantosalagoas.com.br\/portal\/wp-content\/uploads\/2019\/01\/abc5s5s4d-695x464.jpg 695w, https:\/\/4cantosalagoas.com.br\/portal\/wp-content\/uploads\/2019\/01\/abc5s5s4d-272x182.jpg 272w\" sizes=\"(max-width: 300px) 100vw, 300px\" \/><figcaption id=\"caption-attachment-6132\" class=\"wp-caption-text\">Fachada da Funda\u00e7\u00e3o de Cultura de Macei\u00f3<br \/>Foto: Pei Fon Secom\/Macei\u00f3<\/figcaption><\/figure>\n<p>As inscri\u00e7\u00f5es para o edital de ajuda de custo destinado aos blocos carnavalescos de Macei\u00f3 come\u00e7aram nesta segunda-feira (7). Os interessados podem apresentar propostas na sede da Funda\u00e7\u00e3o Municipal de A\u00e7\u00e3o Cultural (FMAC), localizada na Avenida da Paz, n\u00ba 900, Jaragu\u00e1, at\u00e9 o dia 18 de janeiro. O atendimento ao p\u00fablico funciona de segunda a sexta-feira, das 8h \u00e0s 14h.<\/p>\n<p>A Chamada p\u00fablica selecionar\u00e1 54 blocos de carnaval e dois coletivos culturais, que ir\u00e3o participar das pr\u00e9vias carnavalescas e das festividades de carnaval, em Macei\u00f3. A sele\u00e7\u00e3o acontecer\u00e1 em duas etapas: Habilita\u00e7\u00e3o Jur\u00eddico-Fiscal, de car\u00e1ter eliminat\u00f3rio, e Sele\u00e7\u00e3o Conceitual e T\u00e9cnica, de car\u00e1ter classificat\u00f3rio e eliminat\u00f3rio.<\/p>\n<p>O edital ir\u00e1 contemplar 50 blocos com 200 a 2.000 integrantes com ajudas de custo de R$ 5 mil, tr\u00eas blocos com 2.001 a 20.000 integrantes com ajudas de custo de R$ 10 mil, um bloco com mais de 20.001 integrantes com ajuda de custo de R$ 50 mil e dois coletivos culturais para organiza\u00e7\u00e3o de desfiles espec\u00edficos com ajudas de custo de R$ 20 mil. Ao todo, o Munic\u00edpio ir\u00e1 destinar aos selecionados R$ 370 mil.<\/p>\n<p>A chamada p\u00fablica permite a participa\u00e7\u00e3o de pessoas jur\u00eddicas, com ou sem fins lucrativos, de natureza cultural, que exer\u00e7am atividades culturais na cidade de Macei\u00f3 e que estejam adimplentes com as obriga\u00e7\u00f5es ficais.<\/p>\n<p>Confira o edital e seus anexos:<\/p>\n<p><a href=\"http:\/\/www.maceio.al.gov.br\/wp-content\/uploads\/2019\/01\/doc\/2019\/01\/Chamada-BLOCOS-DE-CARNAVAL-2019.doc\">Edital<\/a><\/p>\n<p><a href=\"http:\/\/www.maceio.al.gov.br\/wp-content\/uploads\/2019\/01\/doc\/2019\/01\/ANEXO-I-FICHA-DE-INSCRI%C3%87%C3%83O-Blocos.doc\">Anexo 1 \u2013 Ficha de inscri\u00e7\u00e3o<\/a><\/p>\n<p><a href=\"http:\/\/www.maceio.al.gov.br\/wp-content\/uploads\/2019\/01\/doc\/2019\/01\/ANEXO-II-MODELO-DE-PROPOSTA.doc\">Anexo 2 \u2013 Modelo de Proposta<\/a><\/p>\n<p><a href=\"http:\/\/www.maceio.al.gov.br\/wp-content\/uploads\/2019\/01\/doc\/2019\/01\/ANEXO-I-FICHA-DE-INSCRI%C3%87%C3%83O-Blocos.doc\">Anexo 3 \u2013 Modelo de atestado de atividades culturais<\/a><\/p>\n<p><a href=\"http:\/\/www.maceio.al.gov.br\/wp-content\/uploads\/2019\/01\/docx\/2019\/01\/Contrato-de-exclusividade-modelo-1-1.docx\">Anexo 4 \u2013 Contrato de exclusividade\u00a0<\/a><\/p>\n<p>Robson Muller\/ Ascom Fmac<\/p>\n","protected":false},"excerpt":{"rendered":"<p>As inscri\u00e7\u00f5es para o edital de ajuda de custo destinado aos blocos carnavalescos de Macei\u00f3 come\u00e7aram nesta<\/p>\n","protected":false},"author":1,"featured_media":6132,"comment_status":"open","ping_status":"open","sticky":false,"template":"","format":"standard","meta":{"footnotes":""},"categories":[60],"tags":[],"class_list":["post-6131","post","type-post","status-publish","format-standard","has-post-thumbnail","hentry","category-capa"],"_links":{"self":[{"href":"https:\/\/4cantosalagoas.com.br\/portal\/wp-json\/wp\/v2\/posts\/6131","targetHints":{"allow":["GET"]}}],"collection":[{"href":"https:\/\/4cantosalagoas.com.br\/portal\/wp-json\/wp\/v2\/posts"}],"about":[{"href":"https:\/\/4cantosalagoas.com.br\/portal\/wp-json\/wp\/v2\/types\/post"}],"author":[{"embeddable":true,"href":"https:\/\/4cantosalagoas.com.br\/portal\/wp-json\/wp\/v2\/users\/1"}],"replies":[{"embeddable":true,"href":"https:\/\/4cantosalagoas.com.br\/portal\/wp-json\/wp\/v2\/comments?post=6131"}],"version-history":[{"count":1,"href":"https:\/\/4cantosalagoas.com.br\/portal\/wp-json\/wp\/v2\/posts\/6131\/revisions"}],"predecessor-version":[{"id":6133,"href":"https:\/\/4cantosalagoas.com.br\/portal\/wp-json\/wp\/v2\/posts\/6131\/revisions\/6133"}],"wp:featuredmedia":[{"embeddable":true,"href":"https:\/\/4cantosalagoas.com.br\/portal\/wp-json\/wp\/v2\/media\/6132"}],"wp:attachment":[{"href":"https:\/\/4cantosalagoas.com.br\/portal\/wp-json\/wp\/v2\/media?parent=6131"}],"wp:term":[{"taxonomy":"category","embeddable":true,"href":"https:\/\/4cantosalagoas.com.br\/portal\/wp-json\/wp\/v2\/categories?post=6131"},{"taxonomy":"post_tag","embeddable":true,"href":"https:\/\/4cantosalagoas.com.br\/portal\/wp-json\/wp\/v2\/tags?post=6131"}],"curies":[{"name":"wp","href":"https:\/\/api.w.org\/{rel}","templated":true}]}}