{"id":6128,"date":"2019-01-08T07:35:38","date_gmt":"2019-01-08T10:35:38","guid":{"rendered":"http:\/\/4cantosalagoas.com.br\/portal\/?p=6128"},"modified":"2019-01-08T07:35:38","modified_gmt":"2019-01-08T10:35:38","slug":"pontos-de-cultura-prefeitura-seleciona-para-documentario","status":"publish","type":"post","link":"https:\/\/4cantosalagoas.com.br\/portal\/pontos-de-cultura-prefeitura-seleciona-para-documentario\/","title":{"rendered":"Pontos de Cultura: Prefeitura seleciona para document\u00e1rio"},"content":{"rendered":"<figure id=\"attachment_6129\" aria-describedby=\"caption-attachment-6129\" style=\"width: 300px\" class=\"wp-caption alignleft\"><img fetchpriority=\"high\" decoding=\"async\" class=\"size-medium wp-image-6129\" src=\"http:\/\/4cantosalagoas.com.br\/portal\/wp-content\/uploads\/2019\/01\/bacsrt5s4s-300x200.jpg\" alt=\"\" width=\"300\" height=\"200\" srcset=\"https:\/\/4cantosalagoas.com.br\/portal\/wp-content\/uploads\/2019\/01\/bacsrt5s4s-300x200.jpg 300w, https:\/\/4cantosalagoas.com.br\/portal\/wp-content\/uploads\/2019\/01\/bacsrt5s4s-768x513.jpg 768w, https:\/\/4cantosalagoas.com.br\/portal\/wp-content\/uploads\/2019\/01\/bacsrt5s4s.jpg 1024w, https:\/\/4cantosalagoas.com.br\/portal\/wp-content\/uploads\/2019\/01\/bacsrt5s4s-375x250.jpg 375w, https:\/\/4cantosalagoas.com.br\/portal\/wp-content\/uploads\/2019\/01\/bacsrt5s4s-465x311.jpg 465w, https:\/\/4cantosalagoas.com.br\/portal\/wp-content\/uploads\/2019\/01\/bacsrt5s4s-695x464.jpg 695w, https:\/\/4cantosalagoas.com.br\/portal\/wp-content\/uploads\/2019\/01\/bacsrt5s4s-272x182.jpg 272w\" sizes=\"(max-width: 300px) 100vw, 300px\" \/><figcaption id=\"caption-attachment-6129\" class=\"wp-caption-text\">Teia Cultural reuniu atividades da Rede de Pontos de Cultura. Foto: Ascom Fmac<\/figcaption><\/figure>\n<p>A Prefeitura de Macei\u00f3, por meio da Funda\u00e7\u00e3o Municipal de A\u00e7\u00e3o Cultural (Fmac), iniciou o processo seletivo da empresa que ir\u00e1 registrar as atividades da Rede de Pontos de Cultura de Macei\u00f3 e transform\u00e1-las em document\u00e1rio. As inscri\u00e7\u00f5es foram iniciadas nesta segunda-feira (7) e ser\u00e3o encerradas no dia 31 de janeiro. A melhor proposta apresentada ir\u00e1 receber R$ 80 mil para cumprir com as etapas de pr\u00e9-produ\u00e7\u00e3o, produ\u00e7\u00e3o, p\u00f3s-produ\u00e7\u00e3o e entrega do produto final, conforme as especifica\u00e7\u00f5es do edital.<\/p>\n<p>Os proponentes ou representantes legais dever\u00e3o apresentar propostas na sede da Funda\u00e7\u00e3o, que fica localizada na Avenida da Paz, n\u00ba 900, Jaragu\u00e1, das 8h \u00e0s 14h, de segunda a sexta-feira, em dois envelopes contendo toda a documenta\u00e7\u00e3o exigida.<\/p>\n<p>Os recursos utilizados para a produ\u00e7\u00e3o audiovisual foram viabilizados por meio de um conv\u00eanio firmado entre o Munic\u00edpio e o Governo Federal. A empresa selecionada dever\u00e1 produzir um document\u00e1rio com dura\u00e7\u00e3o m\u00e1xima de 25 minutos, apresentando as atividades desenvolvidas pelos 15 Pontos de Cultura que atuam em 19 escolas da Rede Municipal de Ensino.<\/p>\n<p><strong>Confira o edital e seus anexos:<\/strong><\/p>\n<p><a href=\"http:\/\/www.maceio.al.gov.br\/wp-content\/uploads\/2019\/01\/doc\/2019\/01\/Chamada-P%C3%BAblica-Doc-Pontos-de-Cultura.doc\">Edital\u00a0<\/a><\/p>\n<p><a href=\"http:\/\/www.maceio.al.gov.br\/wp-content\/uploads\/2019\/01\/doc\/2019\/01\/Document%C3%A1rio-Ficha-de-Inscri%C3%A7%C3%A3o.doc\">Ficha de inscri\u00e7\u00e3o\u00a0<\/a><\/p>\n<p><a href=\"http:\/\/www.maceio.al.gov.br\/wp-content\/uploads\/2019\/01\/doc\/2019\/01\/Document%C3%A1rio-Modelo-proposta.doc\">Modelo de proposta\u00a0<\/a><\/p>\n<p><a href=\"http:\/\/www.maceio.al.gov.br\/wp-content\/uploads\/2019\/01\/doc\/2019\/01\/Document%C3%A1rio-Atividades.doc\">Modelo de atestado de atividades culturais\u00a0<\/a><\/p>\n<p><a href=\"http:\/\/www.maceio.al.gov.br\/wp-content\/uploads\/2019\/01\/docx\/2019\/01\/Document%C3%A1rio-Contrato-de-exclusividade-modelo-1.docx\">Contrato de exclusividade\u00a0<\/a><\/p>\n<p>&nbsp;<\/p>\n<p>Robson Muller\/ Ascom FMAC<\/p>\n","protected":false},"excerpt":{"rendered":"<p>A Prefeitura de Macei\u00f3, por meio da Funda\u00e7\u00e3o Municipal de A\u00e7\u00e3o Cultural (Fmac), iniciou o processo seletivo<\/p>\n","protected":false},"author":1,"featured_media":6129,"comment_status":"open","ping_status":"open","sticky":false,"template":"","format":"standard","meta":{"footnotes":""},"categories":[60],"tags":[],"class_list":["post-6128","post","type-post","status-publish","format-standard","has-post-thumbnail","hentry","category-capa"],"_links":{"self":[{"href":"https:\/\/4cantosalagoas.com.br\/portal\/wp-json\/wp\/v2\/posts\/6128","targetHints":{"allow":["GET"]}}],"collection":[{"href":"https:\/\/4cantosalagoas.com.br\/portal\/wp-json\/wp\/v2\/posts"}],"about":[{"href":"https:\/\/4cantosalagoas.com.br\/portal\/wp-json\/wp\/v2\/types\/post"}],"author":[{"embeddable":true,"href":"https:\/\/4cantosalagoas.com.br\/portal\/wp-json\/wp\/v2\/users\/1"}],"replies":[{"embeddable":true,"href":"https:\/\/4cantosalagoas.com.br\/portal\/wp-json\/wp\/v2\/comments?post=6128"}],"version-history":[{"count":1,"href":"https:\/\/4cantosalagoas.com.br\/portal\/wp-json\/wp\/v2\/posts\/6128\/revisions"}],"predecessor-version":[{"id":6130,"href":"https:\/\/4cantosalagoas.com.br\/portal\/wp-json\/wp\/v2\/posts\/6128\/revisions\/6130"}],"wp:featuredmedia":[{"embeddable":true,"href":"https:\/\/4cantosalagoas.com.br\/portal\/wp-json\/wp\/v2\/media\/6129"}],"wp:attachment":[{"href":"https:\/\/4cantosalagoas.com.br\/portal\/wp-json\/wp\/v2\/media?parent=6128"}],"wp:term":[{"taxonomy":"category","embeddable":true,"href":"https:\/\/4cantosalagoas.com.br\/portal\/wp-json\/wp\/v2\/categories?post=6128"},{"taxonomy":"post_tag","embeddable":true,"href":"https:\/\/4cantosalagoas.com.br\/portal\/wp-json\/wp\/v2\/tags?post=6128"}],"curies":[{"name":"wp","href":"https:\/\/api.w.org\/{rel}","templated":true}]}}