{"id":6040,"date":"2018-12-29T08:13:46","date_gmt":"2018-12-29T11:13:46","guid":{"rendered":"http:\/\/4cantosalagoas.com.br\/portal\/?p=6040"},"modified":"2018-12-29T08:13:46","modified_gmt":"2018-12-29T11:13:46","slug":"linhas-de-onibus-terao-alteracoes-a-partir-de-1o-de-janeiro","status":"publish","type":"post","link":"https:\/\/4cantosalagoas.com.br\/portal\/linhas-de-onibus-terao-alteracoes-a-partir-de-1o-de-janeiro\/","title":{"rendered":"Linhas de \u00f4nibus ter\u00e3o altera\u00e7\u00f5es a partir de 1\u00ba de janeiro"},"content":{"rendered":"<figure id=\"attachment_6041\" aria-describedby=\"caption-attachment-6041\" style=\"width: 300px\" class=\"wp-caption alignleft\"><img fetchpriority=\"high\" decoding=\"async\" class=\"size-medium wp-image-6041\" src=\"http:\/\/4cantosalagoas.com.br\/portal\/wp-content\/uploads\/2018\/12\/ononibus-300x169.jpg\" alt=\"\" width=\"300\" height=\"169\" srcset=\"https:\/\/4cantosalagoas.com.br\/portal\/wp-content\/uploads\/2018\/12\/ononibus-300x169.jpg 300w, https:\/\/4cantosalagoas.com.br\/portal\/wp-content\/uploads\/2018\/12\/ononibus-768x433.jpg 768w, https:\/\/4cantosalagoas.com.br\/portal\/wp-content\/uploads\/2018\/12\/ononibus.jpg 1024w, https:\/\/4cantosalagoas.com.br\/portal\/wp-content\/uploads\/2018\/12\/ononibus-375x211.jpg 375w, https:\/\/4cantosalagoas.com.br\/portal\/wp-content\/uploads\/2018\/12\/ononibus-465x262.jpg 465w, https:\/\/4cantosalagoas.com.br\/portal\/wp-content\/uploads\/2018\/12\/ononibus-695x392.jpg 695w\" sizes=\"(max-width: 300px) 100vw, 300px\" \/><figcaption id=\"caption-attachment-6041\" class=\"wp-caption-text\">Algumas linhas de \u00f4nibus ser\u00e3o modificadas a partir de 1\u00ba de janeiro. Foto: Pei Fon\/ Secom Macei\u00f3<\/figcaption><\/figure>\n<p>A partir do dia 1\u00ba de janeiro de 2019, a Superintend\u00eancia Municipal de Transportes e Tr\u00e2nsito (SMTT) realizar\u00e1 altera\u00e7\u00f5es em algumas linhas que fazem parte do Sistema Integrado de Mobilidade de Macei\u00f3 (SIMM). Confira agora as mudan\u00e7as que ser\u00e3o feitas.<\/p>\n<p>A linha 024 \u2013 Sanat\u00f3rio\/Centro (via Rotary\/Josepha de Mello) passar\u00e1 a ter todas as viagens via Avenida Josepha de Mello, deixando de trafegar pela Avenida Juca Sampaio e pela Ladeira do \u00d3leo. Usu\u00e1rios com estes destinos poder\u00e3o utilizar as linhas 013 \u2013 Cruz das Almas\/Centro, 022 \u2013 S\u00e3o Jorge\/Mercado, 604 \u2013 Eust\u00e1quio Gomes\/Cruz das Almas, 606 \u2013 Jos\u00e9 Ten\u00f3rio\/Iguatemi, 608 \u2013 Gruta\/Iguatemi, 700 \u2013 Sanat\u00f3rio\/ Ponta Verde e 708 \u2013 Cruz das Almas\/Ponta Verde.<\/p>\n<p>O SIMM sofrer\u00e1 reajuste de duas linhas, que ter\u00e3o a opera\u00e7\u00e3o suspensa definitivamente. S\u00e3o elas, a 204 \u2013 Jos\u00e9 da Silva Peixoto\/Joaquim Le\u00e3o, que deixa de funcionar a partir do dia 1\u00ba de janeiro de 2019, sendo substitu\u00edda pela atual 503 \u2013 Joaquim Le\u00e3o\/Feitosa, que vai incluir no itiner\u00e1rio a Pra\u00e7a da Macaxeira e o Conjunto Jos\u00e9 Peixoto da Silva, assim como tamb\u00e9m o seu terminal.<\/p>\n<p>A linha 071 \u2013 Osman Loureiro\/Centro (via Bebedouro) tamb\u00e9m deixar\u00e1 de existir. Os usu\u00e1rios que faziam uso deste itiner\u00e1rio poder\u00e3o recorrer \u00e0s linhas 064 \u2013 Rosane Collor\/Centro, 108 \u2013 Clima Bom\/Trapiche, 711 \u2013 Ufal\/Ponta Verde e 715 \u2013 Rosane Collor\/Ponta Verde.<\/p>\n<p>Algumas linhas tamb\u00e9m ter\u00e3o o funcionamento suspenso aos domingos e feriados, sendo substitu\u00eddas por outras que ter\u00e3o o itiner\u00e1rio modificado, nestes dias, para atender a demanda. A 606 \u2013 Jos\u00e9 Ten\u00f3rio\/Iguatemi (via Rotary \u2013 Gruta), atender\u00e1 aos usu\u00e1rios habituais da 033 \u2013 Jos\u00e9 Ten\u00f3rio\/Centro (via Gruta). A linha 104 \u2013 Benedito Bentes\/Trapiche (via Jacintinho) substituir\u00e1 a 048 \u2013 Benedito Bentes\/Centro (via Jacintinho).<\/p>\n<p>Neste novo sistema funcional, os usu\u00e1rios da linha 4002 \u2013 Terminal Benedito Bentes\/Grota da Alegria passar\u00e3o a ser atendidos pela 805 \u2013 Terminal Integrado Benedito Bentes\/Avenida Guaxuma (via Grota da Alegria). A linha 500 \u2013 Pontal\/Rodovi\u00e1ria tamb\u00e9m ser\u00e1 suspensa nos domingos e feriados e ter\u00e1 como alternativas os \u00f4nibus das linhas 107 \u2013 Cruz das Almas\/Trapiche, 201 \u2013 Circular 1, 202 \u2013 Circular 2, 407 \u2013 Trapiche\/Usineiros, 503 \u2013 Joaquim Le\u00e3o\/Feitosa e a 713 \u2013 Joaquim Le\u00e3o\/Ponta Verde.<\/p>\n<p>As mudan\u00e7as se estendem ainda para a linha 611 \u2013 Vergel Jati\u00faca, substitu\u00edda pelas linhas Circular 1, 202 \u2013 Circular 2, Vergel\/Ponta Verde (via Santo Eduardo), Vergel\/Ponta Verde (via Avenida), 605 \u2013 Pontal\/Iguatemi e a 713 \u2013 Joaquim Le\u00e3o\/Ponta Verde. Lembrando que as \u00faltimas altera\u00e7\u00f5es citadas ocorrem apenas aos domingos e feriados.<\/p>\n<p>J\u00e1 a linha 107 \u2013 Cruz das Almas\/Trapiche ter\u00e1 seu terminal inicial invertido. Atualmente as viagens das linhas se iniciam em Cruz das Almas. Com a altera\u00e7\u00e3o, os \u00f4nibus partir\u00e3o do Trapiche, passando a realizar o itiner\u00e1rio de forma cont\u00ednua, conforme mostra a tabela abaixo.<\/p>\n<div id=\"attachment_281125\" class=\"wp-caption aligncenter\"><img decoding=\"async\" class=\"size-full wp-image-281125\" src=\"http:\/\/www.maceio.al.gov.br\/wp-content\/uploads\/2018\/12\/png\/2018\/12\/PRINT1.png\" sizes=\"(max-width: 577px) 100vw, 577px\" srcset=\"http:\/\/www.maceio.al.gov.br\/wp-content\/uploads\/2018\/12\/png\/2018\/12\/PRINT1.png 577w, http:\/\/www.maceio.al.gov.br\/wp-content\/uploads\/2018\/12\/png\/2018\/12\/PRINT1-133x150.png 133w, http:\/\/www.maceio.al.gov.br\/wp-content\/uploads\/2018\/12\/png\/2018\/12\/PRINT1-265x300.png 265w\" alt=\"\" width=\"577\" height=\"653\" \/><\/p>\n<p class=\"wp-caption-text\">Algumas linhas de \u00f4nibus ser\u00e3o modificadas a partir de 1\u00ba de janeiro.<\/p>\n<\/div>\n<p>Ascom SMTT<\/p>\n","protected":false},"excerpt":{"rendered":"<p>A partir do dia 1\u00ba de janeiro de 2019, a Superintend\u00eancia Municipal de Transportes e Tr\u00e2nsito (SMTT)<\/p>\n","protected":false},"author":1,"featured_media":6041,"comment_status":"open","ping_status":"open","sticky":false,"template":"","format":"standard","meta":{"footnotes":""},"categories":[60,5],"tags":[],"class_list":["post-6040","post","type-post","status-publish","format-standard","has-post-thumbnail","hentry","category-capa","category-maceio"],"_links":{"self":[{"href":"https:\/\/4cantosalagoas.com.br\/portal\/wp-json\/wp\/v2\/posts\/6040","targetHints":{"allow":["GET"]}}],"collection":[{"href":"https:\/\/4cantosalagoas.com.br\/portal\/wp-json\/wp\/v2\/posts"}],"about":[{"href":"https:\/\/4cantosalagoas.com.br\/portal\/wp-json\/wp\/v2\/types\/post"}],"author":[{"embeddable":true,"href":"https:\/\/4cantosalagoas.com.br\/portal\/wp-json\/wp\/v2\/users\/1"}],"replies":[{"embeddable":true,"href":"https:\/\/4cantosalagoas.com.br\/portal\/wp-json\/wp\/v2\/comments?post=6040"}],"version-history":[{"count":1,"href":"https:\/\/4cantosalagoas.com.br\/portal\/wp-json\/wp\/v2\/posts\/6040\/revisions"}],"predecessor-version":[{"id":6042,"href":"https:\/\/4cantosalagoas.com.br\/portal\/wp-json\/wp\/v2\/posts\/6040\/revisions\/6042"}],"wp:featuredmedia":[{"embeddable":true,"href":"https:\/\/4cantosalagoas.com.br\/portal\/wp-json\/wp\/v2\/media\/6041"}],"wp:attachment":[{"href":"https:\/\/4cantosalagoas.com.br\/portal\/wp-json\/wp\/v2\/media?parent=6040"}],"wp:term":[{"taxonomy":"category","embeddable":true,"href":"https:\/\/4cantosalagoas.com.br\/portal\/wp-json\/wp\/v2\/categories?post=6040"},{"taxonomy":"post_tag","embeddable":true,"href":"https:\/\/4cantosalagoas.com.br\/portal\/wp-json\/wp\/v2\/tags?post=6040"}],"curies":[{"name":"wp","href":"https:\/\/api.w.org\/{rel}","templated":true}]}}