{"id":6037,"date":"2018-12-29T08:11:03","date_gmt":"2018-12-29T11:11:03","guid":{"rendered":"http:\/\/4cantosalagoas.com.br\/portal\/?p=6037"},"modified":"2018-12-29T08:11:03","modified_gmt":"2018-12-29T11:11:03","slug":"reveillon-maceio-tera-queima-de-fogos-em-quatro-pontos-da-orla","status":"publish","type":"post","link":"https:\/\/4cantosalagoas.com.br\/portal\/reveillon-maceio-tera-queima-de-fogos-em-quatro-pontos-da-orla\/","title":{"rendered":"R\u00e9veillon: Macei\u00f3 ter\u00e1 queima de fogos em quatro pontos da orla"},"content":{"rendered":"<figure id=\"attachment_6038\" aria-describedby=\"caption-attachment-6038\" style=\"width: 300px\" class=\"wp-caption alignleft\"><img fetchpriority=\"high\" decoding=\"async\" class=\"size-medium wp-image-6038\" src=\"http:\/\/4cantosalagoas.com.br\/portal\/wp-content\/uploads\/2018\/12\/arsfad-300x200.jpg\" alt=\"\" width=\"300\" height=\"200\" srcset=\"https:\/\/4cantosalagoas.com.br\/portal\/wp-content\/uploads\/2018\/12\/arsfad-300x200.jpg 300w, https:\/\/4cantosalagoas.com.br\/portal\/wp-content\/uploads\/2018\/12\/arsfad-768x512.jpg 768w, https:\/\/4cantosalagoas.com.br\/portal\/wp-content\/uploads\/2018\/12\/arsfad.jpg 1024w, https:\/\/4cantosalagoas.com.br\/portal\/wp-content\/uploads\/2018\/12\/arsfad-375x250.jpg 375w, https:\/\/4cantosalagoas.com.br\/portal\/wp-content\/uploads\/2018\/12\/arsfad-465x310.jpg 465w, https:\/\/4cantosalagoas.com.br\/portal\/wp-content\/uploads\/2018\/12\/arsfad-695x464.jpg 695w, https:\/\/4cantosalagoas.com.br\/portal\/wp-content\/uploads\/2018\/12\/arsfad-272x182.jpg 272w\" sizes=\"(max-width: 300px) 100vw, 300px\" \/><figcaption id=\"caption-attachment-6038\" class=\"wp-caption-text\">Queima de fogos na orla de Macei\u00f3. Foto: Ailton Cruz \/ Cortesia<\/figcaption><\/figure>\n<p>A queima de fogos da virada de ano em Macei\u00f3 est\u00e1 garantida. O espet\u00e1culo piromusical, realizado pela Prefeitura, por meio da Funda\u00e7\u00e3o Municipal de A\u00e7\u00e3o Cultural (Fmac), acontecer\u00e1 em quatro pontos da orla mar\u00edtima. Ser\u00e3o 15 minutos de fogos lan\u00e7ados ao som de m\u00fasicas festivas.<\/p>\n<p>De acordo com o diretor de Produ\u00e7\u00e3o Cultural da Funda\u00e7\u00e3o, Keyler Sim\u00f5es, o espet\u00e1culo piromusical ter\u00e1 mais de 30 tipos de fogos de artif\u00edcio. \u201cS\u00e3o cerca de oito toneladas de fogos posicionados em embarca\u00e7\u00f5es posicionadas nos quatro pontos. A primeira ficar\u00e1 na regi\u00e3o da enseada, na Paju\u00e7ara, e as outras tr\u00eas entre o antigo Alagoinhas e o Banco do Brasil, ou seja entre a Ponta Verde e a Jati\u00faca\u201d, informou Sim\u00f5es.<\/p>\n<p><strong>R\u00e9veillon nos bairros<\/strong><\/p>\n<p>Al\u00e9m de garantir a tradicional queima de fogos na orla, o Munic\u00edpio tamb\u00e9m est\u00e1 apoiando com estrutura as festividades de R\u00e9veillon que acontecer\u00e3o nos bairros do Benedito Bentes, Pontal da Barra, Jacintinho e Ipioca.<\/p>\n<p>\u201c\u00c9 uma forma de garantir a descentraliza\u00e7\u00e3o dos eventos que v\u00e3o celebrar a virada do ano em Macei\u00f3.\u00a0 Dessa forma, o maceioense e os turistas ter\u00e3o outras possibilidades de comemora\u00e7\u00e3o durante o R\u00e9veillon\u201d, complementou o diretor da Fmac.<\/p>\n<p>Robson Muller \/ Ascom Fmac<\/p>\n","protected":false},"excerpt":{"rendered":"<p>A queima de fogos da virada de ano em Macei\u00f3 est\u00e1 garantida. O espet\u00e1culo piromusical, realizado pela<\/p>\n","protected":false},"author":1,"featured_media":6038,"comment_status":"open","ping_status":"open","sticky":false,"template":"","format":"standard","meta":{"footnotes":""},"categories":[60,5],"tags":[],"class_list":["post-6037","post","type-post","status-publish","format-standard","has-post-thumbnail","hentry","category-capa","category-maceio"],"_links":{"self":[{"href":"https:\/\/4cantosalagoas.com.br\/portal\/wp-json\/wp\/v2\/posts\/6037","targetHints":{"allow":["GET"]}}],"collection":[{"href":"https:\/\/4cantosalagoas.com.br\/portal\/wp-json\/wp\/v2\/posts"}],"about":[{"href":"https:\/\/4cantosalagoas.com.br\/portal\/wp-json\/wp\/v2\/types\/post"}],"author":[{"embeddable":true,"href":"https:\/\/4cantosalagoas.com.br\/portal\/wp-json\/wp\/v2\/users\/1"}],"replies":[{"embeddable":true,"href":"https:\/\/4cantosalagoas.com.br\/portal\/wp-json\/wp\/v2\/comments?post=6037"}],"version-history":[{"count":1,"href":"https:\/\/4cantosalagoas.com.br\/portal\/wp-json\/wp\/v2\/posts\/6037\/revisions"}],"predecessor-version":[{"id":6039,"href":"https:\/\/4cantosalagoas.com.br\/portal\/wp-json\/wp\/v2\/posts\/6037\/revisions\/6039"}],"wp:featuredmedia":[{"embeddable":true,"href":"https:\/\/4cantosalagoas.com.br\/portal\/wp-json\/wp\/v2\/media\/6038"}],"wp:attachment":[{"href":"https:\/\/4cantosalagoas.com.br\/portal\/wp-json\/wp\/v2\/media?parent=6037"}],"wp:term":[{"taxonomy":"category","embeddable":true,"href":"https:\/\/4cantosalagoas.com.br\/portal\/wp-json\/wp\/v2\/categories?post=6037"},{"taxonomy":"post_tag","embeddable":true,"href":"https:\/\/4cantosalagoas.com.br\/portal\/wp-json\/wp\/v2\/tags?post=6037"}],"curies":[{"name":"wp","href":"https:\/\/api.w.org\/{rel}","templated":true}]}}