{"id":6034,"date":"2018-12-28T06:16:48","date_gmt":"2018-12-28T09:16:48","guid":{"rendered":"http:\/\/4cantosalagoas.com.br\/portal\/?p=6034"},"modified":"2018-12-28T07:27:19","modified_gmt":"2018-12-28T10:27:19","slug":"final-do-ano-confira-funcionamento-de-mercados-e-feiras","status":"publish","type":"post","link":"https:\/\/4cantosalagoas.com.br\/portal\/final-do-ano-confira-funcionamento-de-mercados-e-feiras\/","title":{"rendered":"Final do ano: confira funcionamento de mercados e feiras"},"content":{"rendered":"<figure id=\"attachment_6035\" aria-describedby=\"caption-attachment-6035\" style=\"width: 300px\" class=\"wp-caption alignleft\"><img fetchpriority=\"high\" decoding=\"async\" class=\"size-medium wp-image-6035\" src=\"http:\/\/4cantosalagoas.com.br\/portal\/wp-content\/uploads\/2018\/12\/mart5-300x213.jpg\" alt=\"\" width=\"300\" height=\"213\" srcset=\"https:\/\/4cantosalagoas.com.br\/portal\/wp-content\/uploads\/2018\/12\/mart5-300x213.jpg 300w, https:\/\/4cantosalagoas.com.br\/portal\/wp-content\/uploads\/2018\/12\/mart5-375x266.jpg 375w, https:\/\/4cantosalagoas.com.br\/portal\/wp-content\/uploads\/2018\/12\/mart5-465x330.jpg 465w, https:\/\/4cantosalagoas.com.br\/portal\/wp-content\/uploads\/2018\/12\/mart5.jpg 600w\" sizes=\"(max-width: 300px) 100vw, 300px\" \/><figcaption id=\"caption-attachment-6035\" class=\"wp-caption-text\">Mercados e feiras da capital estar\u00e3o fechados no feriado de Ano Novo<\/figcaption><\/figure>\n<p>A Secretaria Municipal do Trabalho, Abastecimento e Economia Solid\u00e1ria (Semtabes) informa que os mercados e feiras da capital estar\u00e3o fechados no feriado de Ano Novo, 1\u00ba de janeiro. Na segunda-feira (31), os locais funcionam em hor\u00e1rio normal.<\/p>\n<p>O Shopping Popular, que fica no Centro de Macei\u00f3, funcionar\u00e1 at\u00e9 \u00e0s 17h na segunda 31 de dezembro e, na ter\u00e7a (1\u00ba), tamb\u00e9m estar\u00e1 fechado.<\/p>\n<p>A Semtabes informa, ainda, que o Sine Macei\u00f3, localizado no segundo piso do Shopping Popular, fecha na v\u00e9spera de Ano Novo e retoma o funcionamento normal na quarta-feira, 2 de janeiro de 2018, das 8h \u00e0s 14h.<\/p>\n<p>Ascom Semtabes e Secom Macei\u00f3<\/p>\n","protected":false},"excerpt":{"rendered":"<p>A Secretaria Municipal do Trabalho, Abastecimento e Economia Solid\u00e1ria (Semtabes) informa que os mercados e feiras da<\/p>\n","protected":false},"author":1,"featured_media":6035,"comment_status":"open","ping_status":"open","sticky":false,"template":"","format":"standard","meta":{"footnotes":""},"categories":[60],"tags":[],"class_list":["post-6034","post","type-post","status-publish","format-standard","has-post-thumbnail","hentry","category-capa"],"_links":{"self":[{"href":"https:\/\/4cantosalagoas.com.br\/portal\/wp-json\/wp\/v2\/posts\/6034","targetHints":{"allow":["GET"]}}],"collection":[{"href":"https:\/\/4cantosalagoas.com.br\/portal\/wp-json\/wp\/v2\/posts"}],"about":[{"href":"https:\/\/4cantosalagoas.com.br\/portal\/wp-json\/wp\/v2\/types\/post"}],"author":[{"embeddable":true,"href":"https:\/\/4cantosalagoas.com.br\/portal\/wp-json\/wp\/v2\/users\/1"}],"replies":[{"embeddable":true,"href":"https:\/\/4cantosalagoas.com.br\/portal\/wp-json\/wp\/v2\/comments?post=6034"}],"version-history":[{"count":1,"href":"https:\/\/4cantosalagoas.com.br\/portal\/wp-json\/wp\/v2\/posts\/6034\/revisions"}],"predecessor-version":[{"id":6036,"href":"https:\/\/4cantosalagoas.com.br\/portal\/wp-json\/wp\/v2\/posts\/6034\/revisions\/6036"}],"wp:featuredmedia":[{"embeddable":true,"href":"https:\/\/4cantosalagoas.com.br\/portal\/wp-json\/wp\/v2\/media\/6035"}],"wp:attachment":[{"href":"https:\/\/4cantosalagoas.com.br\/portal\/wp-json\/wp\/v2\/media?parent=6034"}],"wp:term":[{"taxonomy":"category","embeddable":true,"href":"https:\/\/4cantosalagoas.com.br\/portal\/wp-json\/wp\/v2\/categories?post=6034"},{"taxonomy":"post_tag","embeddable":true,"href":"https:\/\/4cantosalagoas.com.br\/portal\/wp-json\/wp\/v2\/tags?post=6034"}],"curies":[{"name":"wp","href":"https:\/\/api.w.org\/{rel}","templated":true}]}}