{"id":5974,"date":"2018-12-20T11:01:30","date_gmt":"2018-12-20T14:01:30","guid":{"rendered":"http:\/\/4cantosalagoas.com.br\/portal\/?p=5974"},"modified":"2018-12-20T11:01:30","modified_gmt":"2018-12-20T14:01:30","slug":"policia-civil-prende-preto-boiadeiro-no-sertao-alagoano","status":"publish","type":"post","link":"https:\/\/4cantosalagoas.com.br\/portal\/policia-civil-prende-preto-boiadeiro-no-sertao-alagoano\/","title":{"rendered":"Pol\u00edcia Civil prende \u201cPreto Boiadeiro\u201d no Sert\u00e3o alagoano"},"content":{"rendered":"<figure id=\"attachment_5975\" aria-describedby=\"caption-attachment-5975\" style=\"width: 300px\" class=\"wp-caption alignleft\"><img fetchpriority=\"high\" decoding=\"async\" class=\"size-medium wp-image-5975\" src=\"http:\/\/4cantosalagoas.com.br\/portal\/wp-content\/uploads\/2018\/12\/Preto-300x225.jpg\" alt=\"\" width=\"300\" height=\"225\" srcset=\"https:\/\/4cantosalagoas.com.br\/portal\/wp-content\/uploads\/2018\/12\/Preto-300x225.jpg 300w, https:\/\/4cantosalagoas.com.br\/portal\/wp-content\/uploads\/2018\/12\/Preto-768x576.jpg 768w, https:\/\/4cantosalagoas.com.br\/portal\/wp-content\/uploads\/2018\/12\/Preto-1024x768.jpg 1024w, https:\/\/4cantosalagoas.com.br\/portal\/wp-content\/uploads\/2018\/12\/Preto-375x281.jpg 375w, https:\/\/4cantosalagoas.com.br\/portal\/wp-content\/uploads\/2018\/12\/Preto-465x349.jpg 465w, https:\/\/4cantosalagoas.com.br\/portal\/wp-content\/uploads\/2018\/12\/Preto-667x500.jpg 667w, https:\/\/4cantosalagoas.com.br\/portal\/wp-content\/uploads\/2018\/12\/Preto.jpg 1280w\" sizes=\"(max-width: 300px) 100vw, 300px\" \/><figcaption id=\"caption-attachment-5975\" class=\"wp-caption-text\">Arma e muni\u00e7\u00f5es apreendidas pelos policiais civis (Foto: ASCOM\/PC)<\/figcaption><\/figure>\n<p>A Pol\u00edcia Civil de Alagoas prendeu nesta quarta-feira (19), em flagrante delito, Anselmo Cavalcanti de Melo, conhecido por \u201cPreto Boiadeiro\u201d, pelo crime de posse ilegal de arma de fogo.<\/p>\n<p>A pris\u00e3o aconteceu durante opera\u00e7\u00e3o deflagrada pela comiss\u00e3o que investigou o homic\u00eddio de Tony Carlos Silva de Medeiros, \u201cTony Pretinho\u201d, composta pelos delegados Eduardo Mero (coordenador da Delegacia de Homic\u00eddios e Prote\u00e7\u00e3o \u00e0 Pessoa), F\u00e1bio Costa (gerente de Recursos Especiais \u2013 GRE\/DEIC) e Jo\u00e3o Marcello Almeida (Regional de S\u00e3o Miguel dos Campos) e suas respectivas equipes.<\/p>\n<p>A a\u00e7\u00e3o fez parte das dilig\u00eancias no sentido de dar cumprimento a mandado de pris\u00e3o contra \u201cBaixinho Boiadeiro\u201d.<\/p>\n<p>O flagrante ocorreu na Rua do Com\u00e9rcio, centro de Senador Rui Palmeira, na resid\u00eancia de \u201cPreto Boiadeiro\u201d, onde ele tinha uma pistola calibre .380, com 30 muni\u00e7\u00f5es.<\/p>\n<p>De acordo com o delegado F\u00e1bio Costa, o suspeito ainda tentou se livrar da arma no momento do cerco policial, jogando a pistola\u00a0 no quintal de um vizinho mas foi flagrado pelos policiais civis.<\/p>\n<p>\u201cPreto Boiadeiro\u201d foi levado ao CISP (Centro Integrado de Seguran\u00e7a P\u00fablica) de S\u00e3o Jos\u00e9 da Tapera, onde foi lavrado o auto de pris\u00e3o, tendo ele confessando possuir a arma de fogo e muni\u00e7\u00f5es sem autoriza\u00e7\u00e3o legal.<\/p>\n<p>Assessoria<\/p>\n","protected":false},"excerpt":{"rendered":"<p>A Pol\u00edcia Civil de Alagoas prendeu nesta quarta-feira (19), em flagrante delito, Anselmo Cavalcanti de Melo, conhecido<\/p>\n","protected":false},"author":1,"featured_media":5975,"comment_status":"open","ping_status":"open","sticky":false,"template":"","format":"standard","meta":{"footnotes":""},"categories":[60,6],"tags":[],"class_list":["post-5974","post","type-post","status-publish","format-standard","has-post-thumbnail","hentry","category-capa","category-interior"],"_links":{"self":[{"href":"https:\/\/4cantosalagoas.com.br\/portal\/wp-json\/wp\/v2\/posts\/5974","targetHints":{"allow":["GET"]}}],"collection":[{"href":"https:\/\/4cantosalagoas.com.br\/portal\/wp-json\/wp\/v2\/posts"}],"about":[{"href":"https:\/\/4cantosalagoas.com.br\/portal\/wp-json\/wp\/v2\/types\/post"}],"author":[{"embeddable":true,"href":"https:\/\/4cantosalagoas.com.br\/portal\/wp-json\/wp\/v2\/users\/1"}],"replies":[{"embeddable":true,"href":"https:\/\/4cantosalagoas.com.br\/portal\/wp-json\/wp\/v2\/comments?post=5974"}],"version-history":[{"count":1,"href":"https:\/\/4cantosalagoas.com.br\/portal\/wp-json\/wp\/v2\/posts\/5974\/revisions"}],"predecessor-version":[{"id":5976,"href":"https:\/\/4cantosalagoas.com.br\/portal\/wp-json\/wp\/v2\/posts\/5974\/revisions\/5976"}],"wp:featuredmedia":[{"embeddable":true,"href":"https:\/\/4cantosalagoas.com.br\/portal\/wp-json\/wp\/v2\/media\/5975"}],"wp:attachment":[{"href":"https:\/\/4cantosalagoas.com.br\/portal\/wp-json\/wp\/v2\/media?parent=5974"}],"wp:term":[{"taxonomy":"category","embeddable":true,"href":"https:\/\/4cantosalagoas.com.br\/portal\/wp-json\/wp\/v2\/categories?post=5974"},{"taxonomy":"post_tag","embeddable":true,"href":"https:\/\/4cantosalagoas.com.br\/portal\/wp-json\/wp\/v2\/tags?post=5974"}],"curies":[{"name":"wp","href":"https:\/\/api.w.org\/{rel}","templated":true}]}}