{"id":5935,"date":"2018-12-18T07:23:20","date_gmt":"2018-12-18T10:23:20","guid":{"rendered":"http:\/\/4cantosalagoas.com.br\/portal\/?p=5935"},"modified":"2018-12-18T07:23:20","modified_gmt":"2018-12-18T10:23:20","slug":"preso-jovem-que-furtou-loja-em-palmeira-dos-indios","status":"publish","type":"post","link":"https:\/\/4cantosalagoas.com.br\/portal\/preso-jovem-que-furtou-loja-em-palmeira-dos-indios\/","title":{"rendered":"Preso jovem que furtou loja em Palmeira dos \u00cdndios"},"content":{"rendered":"<figure id=\"attachment_5936\" aria-describedby=\"caption-attachment-5936\" style=\"width: 300px\" class=\"wp-caption alignleft\"><img fetchpriority=\"high\" decoding=\"async\" class=\"size-medium wp-image-5936\" src=\"http:\/\/4cantosalagoas.com.br\/portal\/wp-content\/uploads\/2018\/12\/5DRP-300x194.jpg\" alt=\"\" width=\"300\" height=\"194\" srcset=\"https:\/\/4cantosalagoas.com.br\/portal\/wp-content\/uploads\/2018\/12\/5DRP-300x194.jpg 300w, https:\/\/4cantosalagoas.com.br\/portal\/wp-content\/uploads\/2018\/12\/5DRP-375x242.jpg 375w, https:\/\/4cantosalagoas.com.br\/portal\/wp-content\/uploads\/2018\/12\/5DRP-465x300.jpg 465w, https:\/\/4cantosalagoas.com.br\/portal\/wp-content\/uploads\/2018\/12\/5DRP.jpg 650w\" sizes=\"(max-width: 300px) 100vw, 300px\" \/><figcaption id=\"caption-attachment-5936\" class=\"wp-caption-text\">5\u00aa Delegacia Regional de Palmeira dos \u00cdndios.<\/figcaption><\/figure>\n<p>Equipe de policiais civis da 5\u00aa Delegacia Regional de Palmeira dos \u00cdndios, sob o comando do delegado Alexandre Leite, e com o apoio de policiais militares do 10\u00ba BPM, prenderam Jos\u00e9 Francisco Carneiro dos Santos J\u00fanior, 22 anos, conhecido por \u201cJuquinha\u201d.<\/p>\n<p>O acusado praticou crime de furto qualificado no estabelecimento comercial \u201cEmanoel Importados\u201d, na madrugada de segunda-feira (17), ap\u00f3s arrombar a loja. C\u00e2meras de seguran\u00e7a flagraram \u201cJuquinha\u201d saindo do local do crime com os materiais furtados.<\/p>\n<p>Logo ap\u00f3s serem informados sobre o fato criminoso, os policiais civis iniciaram dilig\u00eancias para localizar o suspeito. Durante todo o dia, foram realizadas v\u00e1rias buscas para encontr\u00e1-lo.<\/p>\n<p>Por volta das 20h, \u201cJuquinha\u201d foi visto entrando na casa do pai. Imediatamente, os policiais cercaram o local e chamaram o pai dele. Este autorizou a entrada na casa e mostrou o c\u00f4modo onde o filho estava.<\/p>\n<p>No momento da pris\u00e3o, \u201cJuquinha\u201d n\u00e3o ofereceu resist\u00eancia e com\u00a0 ele estava uma parte dos materiais furtados. Ele confessou o delito e disse aos policiais onde estava guardado outra parte dos materiais, informando ainda que o restante foi vendido durante o dia.<\/p>\n<p>Segundo o delegado Alexandre Leite, o pr\u00f3ximo passo \u00e9 encontrar e prender as pessoas que compraram os materiais furtados.<\/p>\n<p>Ele lembra que o crime de recepta\u00e7\u00e3o \u00e9 permanente, ou seja, hoje, amanh\u00e3 ou daqui a 10 anos, se o indiv\u00edduo for pego com qualquer material fruto de crime ser\u00e1 imediatamente preso em flagrante.<\/p>\n<p>Alexandre Leite afirma ainda que \u201cse combatermos os receptadores, esses criminosos que roubam e furtam para vender os materiais ir\u00e3o parar de agir, pois n\u00e3o ter\u00e3o para quem vender os produtos de il\u00edcitos\u201d.<\/p>\n<p>Assessoria<\/p>\n","protected":false},"excerpt":{"rendered":"<p>Equipe de policiais civis da 5\u00aa Delegacia Regional de Palmeira dos \u00cdndios, sob o comando do delegado<\/p>\n","protected":false},"author":1,"featured_media":5936,"comment_status":"open","ping_status":"open","sticky":false,"template":"","format":"standard","meta":{"footnotes":""},"categories":[60],"tags":[],"class_list":["post-5935","post","type-post","status-publish","format-standard","has-post-thumbnail","hentry","category-capa"],"_links":{"self":[{"href":"https:\/\/4cantosalagoas.com.br\/portal\/wp-json\/wp\/v2\/posts\/5935","targetHints":{"allow":["GET"]}}],"collection":[{"href":"https:\/\/4cantosalagoas.com.br\/portal\/wp-json\/wp\/v2\/posts"}],"about":[{"href":"https:\/\/4cantosalagoas.com.br\/portal\/wp-json\/wp\/v2\/types\/post"}],"author":[{"embeddable":true,"href":"https:\/\/4cantosalagoas.com.br\/portal\/wp-json\/wp\/v2\/users\/1"}],"replies":[{"embeddable":true,"href":"https:\/\/4cantosalagoas.com.br\/portal\/wp-json\/wp\/v2\/comments?post=5935"}],"version-history":[{"count":1,"href":"https:\/\/4cantosalagoas.com.br\/portal\/wp-json\/wp\/v2\/posts\/5935\/revisions"}],"predecessor-version":[{"id":5937,"href":"https:\/\/4cantosalagoas.com.br\/portal\/wp-json\/wp\/v2\/posts\/5935\/revisions\/5937"}],"wp:featuredmedia":[{"embeddable":true,"href":"https:\/\/4cantosalagoas.com.br\/portal\/wp-json\/wp\/v2\/media\/5936"}],"wp:attachment":[{"href":"https:\/\/4cantosalagoas.com.br\/portal\/wp-json\/wp\/v2\/media?parent=5935"}],"wp:term":[{"taxonomy":"category","embeddable":true,"href":"https:\/\/4cantosalagoas.com.br\/portal\/wp-json\/wp\/v2\/categories?post=5935"},{"taxonomy":"post_tag","embeddable":true,"href":"https:\/\/4cantosalagoas.com.br\/portal\/wp-json\/wp\/v2\/tags?post=5935"}],"curies":[{"name":"wp","href":"https:\/\/api.w.org\/{rel}","templated":true}]}}