{"id":5841,"date":"2018-12-10T07:34:12","date_gmt":"2018-12-10T10:34:12","guid":{"rendered":"http:\/\/4cantosalagoas.com.br\/portal\/?p=5841"},"modified":"2018-12-10T07:34:12","modified_gmt":"2018-12-10T10:34:12","slug":"natal-de-folguedos-tem-show-musical-pastoril-e-fandango-no-domingo","status":"publish","type":"post","link":"https:\/\/4cantosalagoas.com.br\/portal\/natal-de-folguedos-tem-show-musical-pastoril-e-fandango-no-domingo\/","title":{"rendered":"Natal de Folguedos tem show musical, pastoril e fandango no domingo"},"content":{"rendered":"<figure id=\"attachment_5842\" aria-describedby=\"caption-attachment-5842\" style=\"width: 300px\" class=\"wp-caption alignleft\"><img fetchpriority=\"high\" decoding=\"async\" class=\"size-medium wp-image-5842\" src=\"http:\/\/4cantosalagoas.com.br\/portal\/wp-content\/uploads\/2018\/12\/faolgyst6-300x200.jpg\" alt=\"\" width=\"300\" height=\"200\" srcset=\"https:\/\/4cantosalagoas.com.br\/portal\/wp-content\/uploads\/2018\/12\/faolgyst6-300x200.jpg 300w, https:\/\/4cantosalagoas.com.br\/portal\/wp-content\/uploads\/2018\/12\/faolgyst6-768x512.jpg 768w, https:\/\/4cantosalagoas.com.br\/portal\/wp-content\/uploads\/2018\/12\/faolgyst6.jpg 1024w, https:\/\/4cantosalagoas.com.br\/portal\/wp-content\/uploads\/2018\/12\/faolgyst6-375x250.jpg 375w, https:\/\/4cantosalagoas.com.br\/portal\/wp-content\/uploads\/2018\/12\/faolgyst6-465x310.jpg 465w, https:\/\/4cantosalagoas.com.br\/portal\/wp-content\/uploads\/2018\/12\/faolgyst6-695x464.jpg 695w, https:\/\/4cantosalagoas.com.br\/portal\/wp-content\/uploads\/2018\/12\/faolgyst6-272x182.jpg 272w\" sizes=\"(max-width: 300px) 100vw, 300px\" \/><figcaption id=\"caption-attachment-5842\" class=\"wp-caption-text\">Com shows e apresenta\u00e7\u00f5es culturais, o Natal dos Folguedos inicia o per\u00edodo natalino em Macei\u00f3.<br \/>Foto: Pei Fon\/ Secom Macei\u00f3<\/figcaption><\/figure>\n<p>Com as apresenta\u00e7\u00f5es do Pastoril Estrela de Bel\u00e9m e do Fandango do Pontal e o show da cantora Fernanda Guimar\u00e3es, neste domingo (9), ser\u00e1 encerrado o primeiro final de semana do Natal dos Folguedos, promovido pela Prefeitura de Macei\u00f3. A festa, na orla de Paju\u00e7ara, foi aberta na \u00faltima sexta-feira com o acendimento oficial das luzes de Natal e segue com atra\u00e7\u00f5es at\u00e9 o dia 23 de dezembro.<\/p>\n<p>As duas primeiras noites o espa\u00e7o, que fica vizinho \u00e0 Feirinha da Paju\u00e7ara, ficou lotado. Maceioenses e turistas foram atra\u00eddos pelos shows de Eliezer Setton, e Wado e as apresenta\u00e7\u00f5es dos coloridos Boi Vingador e Guerreiro Mensageiro Padre C\u00edcero. A feira gastron\u00f4mica tamb\u00e9m atrai fam\u00edlias inteiras. H\u00e1 ainda a Casa do Papai Noel e uma decora\u00e7\u00e3o natalina especial.<\/p>\n<div id=\"attachment_278503\" class=\"wp-caption aligncenter\"><a class=\"colorbox cboxElement\" title=\"Natal de Folguedos tem show musical, pastoril e fandango no domingo\" href=\"http:\/\/www.maceio.al.gov.br\/wp-content\/uploads\/2018\/12\/jpg\/2018\/12\/07122018-Natal-Folguedos-PF_0217.jpg\" rel=\"lightbox\"><img decoding=\"async\" class=\"wp-image-278503 size-large\" src=\"http:\/\/www.maceio.al.gov.br\/wp-content\/uploads\/2018\/12\/jpg\/2018\/12\/07122018-Natal-Folguedos-PF_0217-1024x683.jpg\" sizes=\"(max-width: 1024px) 100vw, 1024px\" srcset=\"http:\/\/www.maceio.al.gov.br\/wp-content\/uploads\/2018\/12\/jpg\/2018\/12\/07122018-Natal-Folguedos-PF_0217-1024x683.jpg 1024w, http:\/\/www.maceio.al.gov.br\/wp-content\/uploads\/2018\/12\/jpg\/2018\/12\/07122018-Natal-Folguedos-PF_0217-150x100.jpg 150w, http:\/\/www.maceio.al.gov.br\/wp-content\/uploads\/2018\/12\/jpg\/2018\/12\/07122018-Natal-Folguedos-PF_0217-300x200.jpg 300w, http:\/\/www.maceio.al.gov.br\/wp-content\/uploads\/2018\/12\/jpg\/2018\/12\/07122018-Natal-Folguedos-PF_0217-768x512.jpg 768w, http:\/\/www.maceio.al.gov.br\/wp-content\/uploads\/2018\/12\/jpg\/2018\/12\/07122018-Natal-Folguedos-PF_0217-120x80.jpg 120w\" alt=\"\" width=\"1024\" height=\"683\" \/><\/a><\/p>\n<p class=\"wp-caption-text\">Natal dos Folguedos tem atra\u00eddo muita gente e feito a alegria das crian\u00e7as na orla de Paju\u00e7ara.<br \/>\nFoto: Pei Fon\/ Secom Macei\u00f3<\/p>\n<\/div>\n<p>O evento \u00e9 uma realiza\u00e7\u00e3o da Secretaria Municipal de Turismo (Semtur), da Funda\u00e7\u00e3o Municipal de A\u00e7\u00e3o Cultural (Fmac) e da Superintend\u00eancia Municipal de Energia e Ilumina\u00e7\u00e3o P\u00fablica (Sima), em parceria com a Associa\u00e7\u00e3o Brasileira de Bares e Restaurantes (Abrasel \u2013 AL) e tem o apoio de entidades do trade tur\u00edstico como Macei\u00f3 Convention &amp; Visitors Bureau (MC&amp;VB) e Associa\u00e7\u00e3o Brasileira da Ind\u00fastria de Hot\u00e9is (ABIH \u2013 AL), al\u00e9m do patroc\u00ednio da Coca Cola e do Minist\u00e9rio da Cultura.<\/p>\n<div id=\"attachment_278506\" class=\"wp-caption aligncenter\"><a class=\"colorbox cboxElement\" title=\"Natal de Folguedos tem show musical, pastoril e fandango no domingo\" href=\"http:\/\/www.maceio.al.gov.br\/wp-content\/uploads\/2018\/12\/jpg\/2018\/12\/07122018-Natal-Folguedos-PF_0227.jpg\" rel=\"lightbox\"><img decoding=\"async\" class=\"wp-image-278506 size-large\" src=\"http:\/\/www.maceio.al.gov.br\/wp-content\/uploads\/2018\/12\/jpg\/2018\/12\/07122018-Natal-Folguedos-PF_0227-1024x683.jpg\" sizes=\"(max-width: 1024px) 100vw, 1024px\" srcset=\"http:\/\/www.maceio.al.gov.br\/wp-content\/uploads\/2018\/12\/jpg\/2018\/12\/07122018-Natal-Folguedos-PF_0227-1024x683.jpg 1024w, http:\/\/www.maceio.al.gov.br\/wp-content\/uploads\/2018\/12\/jpg\/2018\/12\/07122018-Natal-Folguedos-PF_0227-150x100.jpg 150w, http:\/\/www.maceio.al.gov.br\/wp-content\/uploads\/2018\/12\/jpg\/2018\/12\/07122018-Natal-Folguedos-PF_0227-300x200.jpg 300w, http:\/\/www.maceio.al.gov.br\/wp-content\/uploads\/2018\/12\/jpg\/2018\/12\/07122018-Natal-Folguedos-PF_0227-768x512.jpg 768w, http:\/\/www.maceio.al.gov.br\/wp-content\/uploads\/2018\/12\/jpg\/2018\/12\/07122018-Natal-Folguedos-PF_0227-120x80.jpg 120w\" alt=\"\" width=\"1024\" height=\"683\" \/><\/a><\/p>\n<p class=\"wp-caption-text\">Natal dos Folguedos inicia o per\u00edodo natalino em Macei\u00f3.<br \/>\nFoto: Pei Fon\/ Secom Macei\u00f3<\/p>\n<\/div>\n<p><strong>Confira a galeria de fotos da primeira noite do evento<\/strong>\u00a0<strong><a href=\"http:\/\/www.maceio.al.gov.br\/galeria\/abertura-do-natal-dos-folguedos\/\">AQUI<\/a><\/strong><\/p>\n<p><strong>DOMINGO \u2013 09 de dezembro<\/strong><br \/>\n18h \u2013 Apresenta\u00e7\u00e3o de Folguedos: Pastoril Estrela de Bel\u00e9m e Fandango do Pontal<br \/>\n20h \u2013 Show: Fernanda Guimar\u00e3es<\/p>\n<p>Secom Macei\u00f3<\/p>\n","protected":false},"excerpt":{"rendered":"<p>Com as apresenta\u00e7\u00f5es do Pastoril Estrela de Bel\u00e9m e do Fandango do Pontal e o show da<\/p>\n","protected":false},"author":1,"featured_media":5842,"comment_status":"open","ping_status":"open","sticky":false,"template":"","format":"standard","meta":{"footnotes":""},"categories":[60],"tags":[],"class_list":["post-5841","post","type-post","status-publish","format-standard","has-post-thumbnail","hentry","category-capa"],"_links":{"self":[{"href":"https:\/\/4cantosalagoas.com.br\/portal\/wp-json\/wp\/v2\/posts\/5841","targetHints":{"allow":["GET"]}}],"collection":[{"href":"https:\/\/4cantosalagoas.com.br\/portal\/wp-json\/wp\/v2\/posts"}],"about":[{"href":"https:\/\/4cantosalagoas.com.br\/portal\/wp-json\/wp\/v2\/types\/post"}],"author":[{"embeddable":true,"href":"https:\/\/4cantosalagoas.com.br\/portal\/wp-json\/wp\/v2\/users\/1"}],"replies":[{"embeddable":true,"href":"https:\/\/4cantosalagoas.com.br\/portal\/wp-json\/wp\/v2\/comments?post=5841"}],"version-history":[{"count":1,"href":"https:\/\/4cantosalagoas.com.br\/portal\/wp-json\/wp\/v2\/posts\/5841\/revisions"}],"predecessor-version":[{"id":5843,"href":"https:\/\/4cantosalagoas.com.br\/portal\/wp-json\/wp\/v2\/posts\/5841\/revisions\/5843"}],"wp:featuredmedia":[{"embeddable":true,"href":"https:\/\/4cantosalagoas.com.br\/portal\/wp-json\/wp\/v2\/media\/5842"}],"wp:attachment":[{"href":"https:\/\/4cantosalagoas.com.br\/portal\/wp-json\/wp\/v2\/media?parent=5841"}],"wp:term":[{"taxonomy":"category","embeddable":true,"href":"https:\/\/4cantosalagoas.com.br\/portal\/wp-json\/wp\/v2\/categories?post=5841"},{"taxonomy":"post_tag","embeddable":true,"href":"https:\/\/4cantosalagoas.com.br\/portal\/wp-json\/wp\/v2\/tags?post=5841"}],"curies":[{"name":"wp","href":"https:\/\/api.w.org\/{rel}","templated":true}]}}