{"id":5665,"date":"2018-11-24T06:51:48","date_gmt":"2018-11-24T09:51:48","guid":{"rendered":"http:\/\/4cantosalagoas.com.br\/portal\/?p=5665"},"modified":"2018-11-24T06:51:48","modified_gmt":"2018-11-24T09:51:48","slug":"confira-as-mudancas-no-transito-para-este-final-de-semana","status":"publish","type":"post","link":"https:\/\/4cantosalagoas.com.br\/portal\/confira-as-mudancas-no-transito-para-este-final-de-semana\/","title":{"rendered":"Confira as mudan\u00e7as no tr\u00e2nsito para este final de semana"},"content":{"rendered":"<figure id=\"attachment_5666\" aria-describedby=\"caption-attachment-5666\" style=\"width: 300px\" class=\"wp-caption alignleft\"><img fetchpriority=\"high\" decoding=\"async\" class=\"size-medium wp-image-5666\" src=\"http:\/\/4cantosalagoas.com.br\/portal\/wp-content\/uploads\/2018\/11\/trd5-300x200.jpg\" alt=\"\" width=\"300\" height=\"200\" srcset=\"https:\/\/4cantosalagoas.com.br\/portal\/wp-content\/uploads\/2018\/11\/trd5-300x200.jpg 300w, https:\/\/4cantosalagoas.com.br\/portal\/wp-content\/uploads\/2018\/11\/trd5-768x512.jpg 768w, https:\/\/4cantosalagoas.com.br\/portal\/wp-content\/uploads\/2018\/11\/trd5.jpg 1024w, https:\/\/4cantosalagoas.com.br\/portal\/wp-content\/uploads\/2018\/11\/trd5-375x250.jpg 375w, https:\/\/4cantosalagoas.com.br\/portal\/wp-content\/uploads\/2018\/11\/trd5-465x310.jpg 465w, https:\/\/4cantosalagoas.com.br\/portal\/wp-content\/uploads\/2018\/11\/trd5-695x464.jpg 695w, https:\/\/4cantosalagoas.com.br\/portal\/wp-content\/uploads\/2018\/11\/trd5-272x182.jpg 272w\" sizes=\"(max-width: 300px) 100vw, 300px\" \/><figcaption id=\"caption-attachment-5666\" class=\"wp-caption-text\">Realiza\u00e7\u00e3o de eventos mudar\u00e3o tr\u00e2nsito em vias no final de semana. Foto: Pei Fon\/ Macei\u00f3 Secom<\/figcaption><\/figure>\n<p>Neste final de semana, para a realiza\u00e7\u00e3o de eventos nas vias de Macei\u00f3, agentes da Superintend\u00eancia Municipal de Transportes e Tr\u00e2nsito (SMTT) far\u00e3o alguns bloqueios no tr\u00e2nsito da capital. Confira os pontos.<\/p>\n<p>Para o Circuito Santa Casa, neste s\u00e1bado (24), ser\u00e3o realizados bloqueios no tr\u00e2nsito da Paju\u00e7ara. Com concentra\u00e7\u00e3o \u00e0s 17h, na Pra\u00e7a Multieventos, os competidores se deslocar\u00e3o at\u00e9 as proximidades do antigo Alagoinhas, na Ponta Verde. Ap\u00f3s este ponto, retornar\u00e3o at\u00e9 a ponte sobre o Riacho Salgadinho, na Avenida da Paz, no Jaragu\u00e1, de onde retornar\u00e3o at\u00e9 o in\u00edcio da corrida, finalizando a prova.<\/p>\n<p>A primeira interrup\u00e7\u00e3o ser\u00e1 na intersec\u00e7\u00e3o da Avenida Jangadeiros Alagoanos com a Rua Domingos Lordsleen, na Paju\u00e7ara. O segundo ponto ser\u00e1 no cruzamento das ruas Quintino Bocai\u00fava e Domingos Lordsleen. O terceiro e \u00faltimo bloqueio ser\u00e1 executado no encontro da Avenida da Paz com a Rua do Imperador, no Centro de Macei\u00f3.<\/p>\n<p><strong>Domingo<\/strong><\/p>\n<p>No domingo (25), os participantes do Coroa Trilha se concentrar\u00e3o \u00e0s 8h, na Pra\u00e7a Padre C\u00edcero, nas imedia\u00e7\u00f5es do Terminal Integrado do Benedito Bentes.<\/p>\n<p>A atividade ser\u00e1 iniciada na pra\u00e7a e os participantes percorrer\u00e3o as Avenidas Norma Pimentel Costa, Pratagy, Gar\u00e7a Torta, Cachoeira do Meirim, Benedito Bentes e Rua Cainha, no Conjunto Benedito Bentes I, onde ter\u00e1 um bloqueio total.<\/p>\n<p>Agentes da SMTT estar\u00e3o nos locais para orientar os condutores e garantir seguran\u00e7a e fluidez do tr\u00e2nsito nas vias.<\/p>\n<p>Ascom SMTT<\/p>\n","protected":false},"excerpt":{"rendered":"<p>Neste final de semana, para a realiza\u00e7\u00e3o de eventos nas vias de Macei\u00f3, agentes da Superintend\u00eancia Municipal<\/p>\n","protected":false},"author":1,"featured_media":5666,"comment_status":"open","ping_status":"open","sticky":false,"template":"","format":"standard","meta":{"footnotes":""},"categories":[60],"tags":[],"class_list":["post-5665","post","type-post","status-publish","format-standard","has-post-thumbnail","hentry","category-capa"],"_links":{"self":[{"href":"https:\/\/4cantosalagoas.com.br\/portal\/wp-json\/wp\/v2\/posts\/5665","targetHints":{"allow":["GET"]}}],"collection":[{"href":"https:\/\/4cantosalagoas.com.br\/portal\/wp-json\/wp\/v2\/posts"}],"about":[{"href":"https:\/\/4cantosalagoas.com.br\/portal\/wp-json\/wp\/v2\/types\/post"}],"author":[{"embeddable":true,"href":"https:\/\/4cantosalagoas.com.br\/portal\/wp-json\/wp\/v2\/users\/1"}],"replies":[{"embeddable":true,"href":"https:\/\/4cantosalagoas.com.br\/portal\/wp-json\/wp\/v2\/comments?post=5665"}],"version-history":[{"count":1,"href":"https:\/\/4cantosalagoas.com.br\/portal\/wp-json\/wp\/v2\/posts\/5665\/revisions"}],"predecessor-version":[{"id":5667,"href":"https:\/\/4cantosalagoas.com.br\/portal\/wp-json\/wp\/v2\/posts\/5665\/revisions\/5667"}],"wp:featuredmedia":[{"embeddable":true,"href":"https:\/\/4cantosalagoas.com.br\/portal\/wp-json\/wp\/v2\/media\/5666"}],"wp:attachment":[{"href":"https:\/\/4cantosalagoas.com.br\/portal\/wp-json\/wp\/v2\/media?parent=5665"}],"wp:term":[{"taxonomy":"category","embeddable":true,"href":"https:\/\/4cantosalagoas.com.br\/portal\/wp-json\/wp\/v2\/categories?post=5665"},{"taxonomy":"post_tag","embeddable":true,"href":"https:\/\/4cantosalagoas.com.br\/portal\/wp-json\/wp\/v2\/tags?post=5665"}],"curies":[{"name":"wp","href":"https:\/\/api.w.org\/{rel}","templated":true}]}}