{"id":5620,"date":"2018-11-21T06:56:32","date_gmt":"2018-11-21T09:56:32","guid":{"rendered":"http:\/\/4cantosalagoas.com.br\/portal\/?p=5620"},"modified":"2018-11-21T08:57:11","modified_gmt":"2018-11-21T11:57:11","slug":"parque-do-horto-lanca-novo-projeto-de-educacao-ambiental","status":"publish","type":"post","link":"https:\/\/4cantosalagoas.com.br\/portal\/parque-do-horto-lanca-novo-projeto-de-educacao-ambiental\/","title":{"rendered":"Parque do Horto lan\u00e7a novo projeto de educa\u00e7\u00e3o ambiental"},"content":{"rendered":"<figure id=\"attachment_5621\" aria-describedby=\"caption-attachment-5621\" style=\"width: 300px\" class=\"wp-caption alignleft\"><img fetchpriority=\"high\" decoding=\"async\" class=\"size-medium wp-image-5621\" src=\"http:\/\/4cantosalagoas.com.br\/portal\/wp-content\/uploads\/2018\/11\/se4repl-300x199.jpg\" alt=\"\" width=\"300\" height=\"199\" srcset=\"https:\/\/4cantosalagoas.com.br\/portal\/wp-content\/uploads\/2018\/11\/se4repl-300x199.jpg 300w, https:\/\/4cantosalagoas.com.br\/portal\/wp-content\/uploads\/2018\/11\/se4repl-768x510.jpg 768w, https:\/\/4cantosalagoas.com.br\/portal\/wp-content\/uploads\/2018\/11\/se4repl.jpg 1024w, https:\/\/4cantosalagoas.com.br\/portal\/wp-content\/uploads\/2018\/11\/se4repl-375x249.jpg 375w, https:\/\/4cantosalagoas.com.br\/portal\/wp-content\/uploads\/2018\/11\/se4repl-465x309.jpg 465w, https:\/\/4cantosalagoas.com.br\/portal\/wp-content\/uploads\/2018\/11\/se4repl-695x462.jpg 695w\" sizes=\"(max-width: 300px) 100vw, 300px\" \/><figcaption id=\"caption-attachment-5621\" class=\"wp-caption-text\">Especialistas ambiental dar\u00e3o palestras em programa\u00e7\u00f5es no Parque do Horto. Foto: Marco Ant\u00f4nio\/ Secom Macei\u00f3<\/figcaption><\/figure>\n<p>O Parque do Horto realiza, a partir do pr\u00f3ximo s\u00e1bado (24), uma nova atividade para refor\u00e7ar as a\u00e7\u00f5es de educa\u00e7\u00e3o ambiental. Situada no bairro Gruta de Lourdes e reaberta \u00e0s visitas h\u00e1 dois meses por meio de coopera\u00e7\u00e3o t\u00e9cnica entre a Prefeitura de Macei\u00f3 e o Ibama, a unidade de conserva\u00e7\u00e3o lan\u00e7a agora o projeto S\u00e1bado do Saber Ambiental, que levar\u00e1 especialistas em temas ambientais para falar ao p\u00fablico em mesas redondas e palestras com abordagens sobre a fauna e flora em Alagoas. A primeira edi\u00e7\u00e3o tem in\u00edcio \u00e0s 09 horas, aberta ao p\u00fablico, com a participa\u00e7\u00e3o da professora doutora Selma Torquato, do Museu de Hist\u00f3ria Natural da Ufal.<\/p>\n<p>O S\u00e1bado do Saber Ambiental foi estruturado pelo N\u00facleo de Educa\u00e7\u00e3o Ambiental do Parque do Horto, que \u00e9 composto pelo Ibama e pela Secretaria Municipal de Desenvolvimento Sustent\u00e1vel (Semds), \u00f3rg\u00e3o representante da Prefeitura na coopera\u00e7\u00e3o t\u00e9cnica. Gratuito e sem a necessidade de agendamentos para a participa\u00e7\u00e3o, o projeto acontecer\u00e1 sempre no \u00faltimo s\u00e1bado de cada m\u00eas com um especialista convidado.<\/p>\n<p>\u201cO objetivo da iniciativa \u00e9 refor\u00e7ar o potencial educativo da reserva. Sempre no \u00faltimo s\u00e1bado do m\u00eas teremos uma programa\u00e7\u00e3o diferente, atividade que complementa os atrativos do local, onde \u00e9 poss\u00edvel fazer trilhas, reunir a fam\u00edlia no piquenique e, a partir de agora, gerar debates proveitosos sobre temas que devem ser de interesse de toda a popula\u00e7\u00e3o. J\u00e1 contamos com a\u00e7\u00f5es educativas nas ter\u00e7as e quinta-feiras, que s\u00e3o exclusivas para visitas guiadas de escolas, e agora ampliamos o trabalho com S\u00e1bado do Saber Ambiental\u201d, destacou o titular da Semds, Gustavo Acioli Torres.<\/p>\n<p>Pesquisadora do Museu de Hist\u00f3ria Natural e especialista em r\u00e9pteis, Selma Torquato far\u00e1 a abertura do projeto com a palestra intitulada \u201cFauna de Anf\u00edbios e R\u00e9pteis do estado de Alagoas\u201d. \u00a0A segunda edi\u00e7\u00e3o j\u00e1 tem data definida e especialistas convidados.<\/p>\n<p>\u201cNo dia 15 de dezembro receberemos os analistas ambientais Paulo Auto e Patr\u00edcia Oliveira, que devem falar sobre a import\u00e2ncia dos manguezais e do defeso dos caranguejos U\u00e7\u00e1 e Guaiamum. Assim como a palestra da professora Selma, os demais convidados trar\u00e3o debates com temas relevantes \u00e0 preserva\u00e7\u00e3o do meio ambiente\u201d, disse Cynira Fran\u00e7a, coordenadora do N\u00facleo de Educa\u00e7\u00e3o Ambiental do Ibama.<\/p>\n<p>Lucas Alc\u00e2ntara\/ Ascom Semds<\/p>\n","protected":false},"excerpt":{"rendered":"<p>O Parque do Horto realiza, a partir do pr\u00f3ximo s\u00e1bado (24), uma nova atividade para refor\u00e7ar as<\/p>\n","protected":false},"author":1,"featured_media":5621,"comment_status":"open","ping_status":"open","sticky":false,"template":"","format":"standard","meta":{"footnotes":""},"categories":[60],"tags":[],"class_list":["post-5620","post","type-post","status-publish","format-standard","has-post-thumbnail","hentry","category-capa"],"_links":{"self":[{"href":"https:\/\/4cantosalagoas.com.br\/portal\/wp-json\/wp\/v2\/posts\/5620","targetHints":{"allow":["GET"]}}],"collection":[{"href":"https:\/\/4cantosalagoas.com.br\/portal\/wp-json\/wp\/v2\/posts"}],"about":[{"href":"https:\/\/4cantosalagoas.com.br\/portal\/wp-json\/wp\/v2\/types\/post"}],"author":[{"embeddable":true,"href":"https:\/\/4cantosalagoas.com.br\/portal\/wp-json\/wp\/v2\/users\/1"}],"replies":[{"embeddable":true,"href":"https:\/\/4cantosalagoas.com.br\/portal\/wp-json\/wp\/v2\/comments?post=5620"}],"version-history":[{"count":1,"href":"https:\/\/4cantosalagoas.com.br\/portal\/wp-json\/wp\/v2\/posts\/5620\/revisions"}],"predecessor-version":[{"id":5622,"href":"https:\/\/4cantosalagoas.com.br\/portal\/wp-json\/wp\/v2\/posts\/5620\/revisions\/5622"}],"wp:featuredmedia":[{"embeddable":true,"href":"https:\/\/4cantosalagoas.com.br\/portal\/wp-json\/wp\/v2\/media\/5621"}],"wp:attachment":[{"href":"https:\/\/4cantosalagoas.com.br\/portal\/wp-json\/wp\/v2\/media?parent=5620"}],"wp:term":[{"taxonomy":"category","embeddable":true,"href":"https:\/\/4cantosalagoas.com.br\/portal\/wp-json\/wp\/v2\/categories?post=5620"},{"taxonomy":"post_tag","embeddable":true,"href":"https:\/\/4cantosalagoas.com.br\/portal\/wp-json\/wp\/v2\/tags?post=5620"}],"curies":[{"name":"wp","href":"https:\/\/api.w.org\/{rel}","templated":true}]}}