{"id":5613,"date":"2018-11-20T06:08:40","date_gmt":"2018-11-20T09:08:40","guid":{"rendered":"http:\/\/4cantosalagoas.com.br\/portal\/?p=5613"},"modified":"2018-11-20T06:08:40","modified_gmt":"2018-11-20T09:08:40","slug":"dia-da-consciencia-negra-nao-altera-funcionamento-do-comercio","status":"publish","type":"post","link":"https:\/\/4cantosalagoas.com.br\/portal\/dia-da-consciencia-negra-nao-altera-funcionamento-do-comercio\/","title":{"rendered":"Dia da Consci\u00eancia Negra n\u00e3o altera funcionamento do Com\u00e9rcio"},"content":{"rendered":"<figure id=\"attachment_5557\" aria-describedby=\"caption-attachment-5557\" style=\"width: 300px\" class=\"wp-caption alignleft\"><img fetchpriority=\"high\" decoding=\"async\" class=\"size-medium wp-image-5557\" src=\"http:\/\/4cantosalagoas.com.br\/portal\/wp-content\/uploads\/2018\/11\/serr4-300x225.jpg\" alt=\"\" width=\"300\" height=\"225\" srcset=\"https:\/\/4cantosalagoas.com.br\/portal\/wp-content\/uploads\/2018\/11\/serr4-300x225.jpg 300w, https:\/\/4cantosalagoas.com.br\/portal\/wp-content\/uploads\/2018\/11\/serr4-375x281.jpg 375w, https:\/\/4cantosalagoas.com.br\/portal\/wp-content\/uploads\/2018\/11\/serr4-465x349.jpg 465w, https:\/\/4cantosalagoas.com.br\/portal\/wp-content\/uploads\/2018\/11\/serr4.jpg 600w\" sizes=\"(max-width: 300px) 100vw, 300px\" \/><figcaption id=\"caption-attachment-5557\" class=\"wp-caption-text\">Reprodu\u00e7\u00e3o<\/figcaption><\/figure>\n<p>O Dia da Consci\u00eancia Negra \u00e9 celebrado amanh\u00e3, 20 de novembro. A data n\u00e3o altera o funcionamento dos estabelecimentos comerciais, j\u00e1 que \u00e9 considerada feriado no \u00e2mbito do funcionalismo p\u00fablico estadual. Assim, lojas e shoppings da capital e do interior abrem em hor\u00e1rio normal, como informa a Federa\u00e7\u00e3o do Com\u00e9rcio do Estado de Alagoas (Fecom\u00e9rcio AL). A Alian\u00e7a Comercial confirmou a abertura normal do Centro de Macei\u00f3.<\/p>\n<p>O Parque Shopping Macei\u00f3 e o Shopping P\u00e1tio Macei\u00f3 abrem das 10h \u00e0s 22h. O Macei\u00f3 Shopping funciona das 9h \u00e0s 22h e os cinemas atender\u00e3o ao p\u00fablico em hor\u00e1rio habitual. J\u00e1 o Shopping Farol funcionar\u00e1 das 9h \u00e0s 21h. O Shopping Farol funciona das 9h \u00e0s 21h, mas a Central J\u00e1 fecha. Em todos os estabelecimentos, as salas de cinema seguem com a programa\u00e7\u00e3o normal.<\/p>\n<p>Os supermercados funcionam em hor\u00e1rio normal. O Atacad\u00e3o abre das 7h \u00e0s 22h; o Palato Ponta Verde segue 24h; o Palato Farol atende das 7h \u00e0 meia-noite; e o Palato do Parque Gon\u00e7alves L\u00eado, das 7h \u00e0s 22h. O Assa\u00ed abre das 7h \u00e0s 22h e as lojas da Rede Unicompra seguem com hor\u00e1rio habitual. O Extra Hipermercado ( e<\/p>\n<p><b>Interior<\/b><\/p>\n<p>No interior, o Arapiraca Garden Shopping funciona em hor\u00e1rio habitual, das 10h \u00e0s 22h, e cinema com programa\u00e7\u00e3o normal.<\/p>\n<p>Os Sindicatos do Com\u00e9rcio Varejista de Arapiraca (Sindilojas Arapiraca), Palmeira dos \u00cdndios (Sindilojas Palmeira) e Penedo (Sindilojas Penedo) informam que nos respectivos munic\u00edpios as lojas e demais estabelecimentos comerciais atendem ao p\u00fablico em hor\u00e1rio normal. J\u00e1 em Uni\u00e3o dos Palmares, o com\u00e9rcio funciona de forma parcial e as lojas que abrirem fecham \u00e0s 12h, segundo informou o Sindilojas Uni\u00e3o.<\/p>\n<div class=\"clearfix\"><\/div>\n<p>&nbsp;<\/p>\n<p>Fonte:\u00a0<strong>Ascom Fecom\u00e9rcio\/AL<\/strong><\/p>\n","protected":false},"excerpt":{"rendered":"<p>O Dia da Consci\u00eancia Negra \u00e9 celebrado amanh\u00e3, 20 de novembro. A data n\u00e3o altera o funcionamento<\/p>\n","protected":false},"author":1,"featured_media":5557,"comment_status":"open","ping_status":"open","sticky":false,"template":"","format":"standard","meta":{"footnotes":""},"categories":[60,5],"tags":[],"class_list":["post-5613","post","type-post","status-publish","format-standard","has-post-thumbnail","hentry","category-capa","category-maceio"],"_links":{"self":[{"href":"https:\/\/4cantosalagoas.com.br\/portal\/wp-json\/wp\/v2\/posts\/5613","targetHints":{"allow":["GET"]}}],"collection":[{"href":"https:\/\/4cantosalagoas.com.br\/portal\/wp-json\/wp\/v2\/posts"}],"about":[{"href":"https:\/\/4cantosalagoas.com.br\/portal\/wp-json\/wp\/v2\/types\/post"}],"author":[{"embeddable":true,"href":"https:\/\/4cantosalagoas.com.br\/portal\/wp-json\/wp\/v2\/users\/1"}],"replies":[{"embeddable":true,"href":"https:\/\/4cantosalagoas.com.br\/portal\/wp-json\/wp\/v2\/comments?post=5613"}],"version-history":[{"count":1,"href":"https:\/\/4cantosalagoas.com.br\/portal\/wp-json\/wp\/v2\/posts\/5613\/revisions"}],"predecessor-version":[{"id":5614,"href":"https:\/\/4cantosalagoas.com.br\/portal\/wp-json\/wp\/v2\/posts\/5613\/revisions\/5614"}],"wp:featuredmedia":[{"embeddable":true,"href":"https:\/\/4cantosalagoas.com.br\/portal\/wp-json\/wp\/v2\/media\/5557"}],"wp:attachment":[{"href":"https:\/\/4cantosalagoas.com.br\/portal\/wp-json\/wp\/v2\/media?parent=5613"}],"wp:term":[{"taxonomy":"category","embeddable":true,"href":"https:\/\/4cantosalagoas.com.br\/portal\/wp-json\/wp\/v2\/categories?post=5613"},{"taxonomy":"post_tag","embeddable":true,"href":"https:\/\/4cantosalagoas.com.br\/portal\/wp-json\/wp\/v2\/tags?post=5613"}],"curies":[{"name":"wp","href":"https:\/\/api.w.org\/{rel}","templated":true}]}}