{"id":5607,"date":"2018-11-19T19:46:27","date_gmt":"2018-11-19T22:46:27","guid":{"rendered":"http:\/\/4cantosalagoas.com.br\/portal\/?p=5607"},"modified":"2018-11-19T19:46:27","modified_gmt":"2018-11-19T22:46:27","slug":"prefeitura-promove-segunda-edicao-da-flipontal","status":"publish","type":"post","link":"https:\/\/4cantosalagoas.com.br\/portal\/prefeitura-promove-segunda-edicao-da-flipontal\/","title":{"rendered":"Prefeitura promove segunda edi\u00e7\u00e3o da Flipontal"},"content":{"rendered":"<figure id=\"attachment_5608\" aria-describedby=\"caption-attachment-5608\" style=\"width: 300px\" class=\"wp-caption alignleft\"><img fetchpriority=\"high\" decoding=\"async\" class=\"size-medium wp-image-5608\" src=\"http:\/\/4cantosalagoas.com.br\/portal\/wp-content\/uploads\/2018\/11\/ao98rst5d-300x200.jpg\" alt=\"\" width=\"300\" height=\"200\" srcset=\"https:\/\/4cantosalagoas.com.br\/portal\/wp-content\/uploads\/2018\/11\/ao98rst5d-300x200.jpg 300w, https:\/\/4cantosalagoas.com.br\/portal\/wp-content\/uploads\/2018\/11\/ao98rst5d-768x512.jpg 768w, https:\/\/4cantosalagoas.com.br\/portal\/wp-content\/uploads\/2018\/11\/ao98rst5d.jpg 1024w, https:\/\/4cantosalagoas.com.br\/portal\/wp-content\/uploads\/2018\/11\/ao98rst5d-375x250.jpg 375w, https:\/\/4cantosalagoas.com.br\/portal\/wp-content\/uploads\/2018\/11\/ao98rst5d-465x310.jpg 465w, https:\/\/4cantosalagoas.com.br\/portal\/wp-content\/uploads\/2018\/11\/ao98rst5d-695x464.jpg 695w, https:\/\/4cantosalagoas.com.br\/portal\/wp-content\/uploads\/2018\/11\/ao98rst5d-272x182.jpg 272w\" sizes=\"(max-width: 300px) 100vw, 300px\" \/><figcaption id=\"caption-attachment-5608\" class=\"wp-caption-text\">Abertura da primeira Flipontal. Foto: Max Monteiro\/ Secom Macei\u00f3<\/figcaption><\/figure>\n<p>A segunda edi\u00e7\u00e3o da Festa Liter\u00e1ria do Pontal da Barra (Flipontal) acontecer\u00e1 de 27 a 30 de novembro a partir de uma parceria firmada entre a Prefeitura de Macei\u00f3, por meio da Funda\u00e7\u00e3o Municipal de A\u00e7\u00e3o Cultural (Fmac) e a Secretaria Municipal de Educa\u00e7\u00e3o (Semed), e a Associa\u00e7\u00e3o Cultural Alagoa do Sul. O evento ir\u00e1 homenagear o escritor e jornalista Luiz Gutenberge e o poeta, jornalista e cr\u00edtico liter\u00e1rio Carlos Moliterno com uma programa\u00e7\u00e3o diversificada.<\/p>\n<p>A cerim\u00f4nia de abertura da segunda Flipontal ser\u00e1 realizada na noite do dia 27 de novembro, a partir das 19h, com a participa\u00e7\u00e3o da Banda Filarm\u00f4nica do 59\u00ba Batalh\u00e3o de Infantaria do Ex\u00e9rcito Brasileiro. Nos dias 28, 29 e 30 de novembro, o p\u00fablico poder\u00e1 prestigiar mesas de debates, palestras, oficinas, exposi\u00e7\u00f5es, feira de livros, desfile de moda e apresenta\u00e7\u00f5es musicais.<\/p>\n<p>A programa\u00e7\u00e3o do evento, que acontecer\u00e1 simultaneamente nas pra\u00e7as S\u00e3o Sebasti\u00e3o e Caio Porto e na Escola Municipal Silvestre P\u00e9ricles, ser\u00e1 lan\u00e7ada oficialmente na pr\u00f3xima quinta-feira (22), a partir das 10h, na unidade de ensino onde ser\u00e3o realizadas as atividades.<\/p>\n<p>Robson Muller\/ Ascom Fmac<\/p>\n","protected":false},"excerpt":{"rendered":"<p>A segunda edi\u00e7\u00e3o da Festa Liter\u00e1ria do Pontal da Barra (Flipontal) acontecer\u00e1 de 27 a 30 de<\/p>\n","protected":false},"author":1,"featured_media":5608,"comment_status":"open","ping_status":"open","sticky":false,"template":"","format":"standard","meta":{"footnotes":""},"categories":[60],"tags":[],"class_list":["post-5607","post","type-post","status-publish","format-standard","has-post-thumbnail","hentry","category-capa"],"_links":{"self":[{"href":"https:\/\/4cantosalagoas.com.br\/portal\/wp-json\/wp\/v2\/posts\/5607","targetHints":{"allow":["GET"]}}],"collection":[{"href":"https:\/\/4cantosalagoas.com.br\/portal\/wp-json\/wp\/v2\/posts"}],"about":[{"href":"https:\/\/4cantosalagoas.com.br\/portal\/wp-json\/wp\/v2\/types\/post"}],"author":[{"embeddable":true,"href":"https:\/\/4cantosalagoas.com.br\/portal\/wp-json\/wp\/v2\/users\/1"}],"replies":[{"embeddable":true,"href":"https:\/\/4cantosalagoas.com.br\/portal\/wp-json\/wp\/v2\/comments?post=5607"}],"version-history":[{"count":1,"href":"https:\/\/4cantosalagoas.com.br\/portal\/wp-json\/wp\/v2\/posts\/5607\/revisions"}],"predecessor-version":[{"id":5609,"href":"https:\/\/4cantosalagoas.com.br\/portal\/wp-json\/wp\/v2\/posts\/5607\/revisions\/5609"}],"wp:featuredmedia":[{"embeddable":true,"href":"https:\/\/4cantosalagoas.com.br\/portal\/wp-json\/wp\/v2\/media\/5608"}],"wp:attachment":[{"href":"https:\/\/4cantosalagoas.com.br\/portal\/wp-json\/wp\/v2\/media?parent=5607"}],"wp:term":[{"taxonomy":"category","embeddable":true,"href":"https:\/\/4cantosalagoas.com.br\/portal\/wp-json\/wp\/v2\/categories?post=5607"},{"taxonomy":"post_tag","embeddable":true,"href":"https:\/\/4cantosalagoas.com.br\/portal\/wp-json\/wp\/v2\/tags?post=5607"}],"curies":[{"name":"wp","href":"https:\/\/api.w.org\/{rel}","templated":true}]}}