{"id":5602,"date":"2018-11-19T11:32:37","date_gmt":"2018-11-19T14:32:37","guid":{"rendered":"http:\/\/4cantosalagoas.com.br\/portal\/?p=5602"},"modified":"2018-11-19T11:32:37","modified_gmt":"2018-11-19T14:32:37","slug":"dia-nacional-da-consciencia-negra-tem-programacao-cultural-na-serra-da-barriga","status":"publish","type":"post","link":"https:\/\/4cantosalagoas.com.br\/portal\/dia-nacional-da-consciencia-negra-tem-programacao-cultural-na-serra-da-barriga\/","title":{"rendered":"Dia Nacional da Consci\u00eancia Negra tem programa\u00e7\u00e3o cultural na Serra da Barriga"},"content":{"rendered":"<figure id=\"attachment_5605\" aria-describedby=\"caption-attachment-5605\" style=\"width: 300px\" class=\"wp-caption alignleft\"><img fetchpriority=\"high\" decoding=\"async\" class=\"size-medium wp-image-5605\" src=\"http:\/\/4cantosalagoas.com.br\/portal\/wp-content\/uploads\/2018\/11\/cocococ-300x200.jpg\" alt=\"\" width=\"300\" height=\"200\" srcset=\"https:\/\/4cantosalagoas.com.br\/portal\/wp-content\/uploads\/2018\/11\/cocococ-300x200.jpg 300w, https:\/\/4cantosalagoas.com.br\/portal\/wp-content\/uploads\/2018\/11\/cocococ-375x250.jpg 375w, https:\/\/4cantosalagoas.com.br\/portal\/wp-content\/uploads\/2018\/11\/cocococ-465x310.jpg 465w, https:\/\/4cantosalagoas.com.br\/portal\/wp-content\/uploads\/2018\/11\/cocococ-272x182.jpg 272w, https:\/\/4cantosalagoas.com.br\/portal\/wp-content\/uploads\/2018\/11\/cocococ.jpg 600w\" sizes=\"(max-width: 300px) 100vw, 300px\" \/><figcaption id=\"caption-attachment-5605\" class=\"wp-caption-text\">Programa\u00e7\u00e3o cultural vai de s\u00e1bado (17) a ter\u00e7a-feira (20)M\u00e1rcio Ferreira<\/figcaption><\/figure>\n<p>O Parque Memorial Quilombo dos Palmares, na Serra da Barriga, no munic\u00edpio de Uni\u00e3o dos Palmares, receber\u00e1 programa\u00e7\u00e3o especial em comemora\u00e7\u00e3o ao Dia Nacional da Consci\u00eancia Negra, celebrado na pr\u00f3xima ter\u00e7a-feira (20). De s\u00e1bado (17) a ter\u00e7a-feira, haver\u00e1 apresenta\u00e7\u00f5es art\u00edsticas e culturais, feira de artesanato, concurso de beleza e o tradicional cortejo afro.<\/p>\n<p>&nbsp;<\/p>\n<p>As atividades do 20 de Novembro fazem parte de uma s\u00e9rie de a\u00e7\u00f5es realizadas durante o m\u00eas dedicado \u00e0 conscientiza\u00e7\u00e3o sobre a igualdade racial, e s\u00e3o fruto da parceria entre a Funda\u00e7\u00e3o Cultural Palmares, Minist\u00e9rio da Cultura (MinC), Instituto do Patrim\u00f4nio Hist\u00f3rico e Art\u00edstico Nacional (Iphan), Governo de Alagoas, por meio da Secretaria de Estado da Cultura (Secult), e as prefeituras de Macei\u00f3 e Uni\u00e3o dos Palmares.<\/p>\n<p>&nbsp;<\/p>\n<p><strong>Confira a programa\u00e7\u00e3o completa:<\/strong><\/p>\n<p>&nbsp;<\/p>\n<p><strong>De 17 a 20\/11<\/strong><\/p>\n<p>CONCLAEA \u2013 Confer\u00eancia Caribenha e Latino Americana de estudantes de Agronomia<\/p>\n<p>Local: Escola Jairo Viana<\/p>\n<p>&nbsp;<\/p>\n<p><strong>19\/11\u00a0&#8211; Uni\u00e3o dos Palmares<\/strong><\/p>\n<p>8h &#8211; Atividades na Esta\u00e7\u00e3o Ferrovi\u00e1ria com feira de artesanato e pra\u00e7a de alimenta\u00e7\u00e3o<\/p>\n<p>14h &#8211; Passeio Cultural no Tra-Trem (gratuito para o p\u00fablico em geral)<\/p>\n<p>15h &#8211; Apresenta\u00e7\u00e3o de grupos de capoeira<\/p>\n<p>18h &#8211; Cortejo dos capoeiristas da Casa Jorge de Lima em dire\u00e7\u00e3o \u00e0 Esta\u00e7\u00e3o<\/p>\n<p>19h &#8211; Proje\u00e7\u00e3o mapeada na Casa Jorge de Lima e apresenta\u00e7\u00e3o de Love Jha, Banda Isegoria e Trilha Sonora<\/p>\n<p>20h &#8211; Concurso da Beleza Negra<\/p>\n<p>22h &#8211; Apresenta\u00e7\u00f5es de artistas locais \u2013 Afro Revolu\u00e7\u00e3o e Afro Zumba<\/p>\n<p>00h &#8211; T\u00e9rmino<\/p>\n<p>&nbsp;<\/p>\n<p><strong>20\/11 &#8211; Serra da Barriga<\/strong><\/p>\n<p>6h &#8211; Oferenda na Jaqueira<\/p>\n<p>7h &#8211; Oferenda Lagoa<\/p>\n<p>8h30 &#8211; Encena\u00e7\u00e3o Altay Velloso<\/p>\n<p>9h &#8211; Caf\u00e9 da manh\u00e3<\/p>\n<p>10h &#8211; Homenagem a Zumbi com tambores e apresenta\u00e7\u00e3o da Orquestra de Tambores<\/p>\n<p>10h &#8211; Xir\u00ea<\/p>\n<p>10h45 &#8211; Fala oficial e entrega dos jogos educativos do Projeto Conhecendo \u00c1frica<\/p>\n<p>&nbsp;<\/p>\n<p><strong>20\/11 &#8211; Uni\u00e3o dos Palmares<\/strong><\/p>\n<p>9h &#8211; Passeio Cultural no Tra-trem gratuito e aberto ao p\u00fablico e apresenta\u00e7\u00e3o do Maculel\u00ea da escola Municipal Maria<\/p>\n<p>14h &#8211; Passeio Cultural no Tra-trem gratuito e aberto ao p\u00fablico e apresenta\u00e7\u00e3o do espet\u00e1culo Muqu\u00e9m da Escola Pedro Pereira<\/p>\n<p>16h &#8211; Apresenta\u00e7\u00f5es art\u00edsticas e exibi\u00e7\u00e3o de cinema<\/p>\n<p>Assessoria<\/p>\n","protected":false},"excerpt":{"rendered":"<p>O Parque Memorial Quilombo dos Palmares, na Serra da Barriga, no munic\u00edpio de Uni\u00e3o dos Palmares, receber\u00e1<\/p>\n","protected":false},"author":1,"featured_media":5605,"comment_status":"open","ping_status":"open","sticky":false,"template":"","format":"standard","meta":{"footnotes":""},"categories":[60],"tags":[],"class_list":["post-5602","post","type-post","status-publish","format-standard","has-post-thumbnail","hentry","category-capa"],"_links":{"self":[{"href":"https:\/\/4cantosalagoas.com.br\/portal\/wp-json\/wp\/v2\/posts\/5602","targetHints":{"allow":["GET"]}}],"collection":[{"href":"https:\/\/4cantosalagoas.com.br\/portal\/wp-json\/wp\/v2\/posts"}],"about":[{"href":"https:\/\/4cantosalagoas.com.br\/portal\/wp-json\/wp\/v2\/types\/post"}],"author":[{"embeddable":true,"href":"https:\/\/4cantosalagoas.com.br\/portal\/wp-json\/wp\/v2\/users\/1"}],"replies":[{"embeddable":true,"href":"https:\/\/4cantosalagoas.com.br\/portal\/wp-json\/wp\/v2\/comments?post=5602"}],"version-history":[{"count":1,"href":"https:\/\/4cantosalagoas.com.br\/portal\/wp-json\/wp\/v2\/posts\/5602\/revisions"}],"predecessor-version":[{"id":5606,"href":"https:\/\/4cantosalagoas.com.br\/portal\/wp-json\/wp\/v2\/posts\/5602\/revisions\/5606"}],"wp:featuredmedia":[{"embeddable":true,"href":"https:\/\/4cantosalagoas.com.br\/portal\/wp-json\/wp\/v2\/media\/5605"}],"wp:attachment":[{"href":"https:\/\/4cantosalagoas.com.br\/portal\/wp-json\/wp\/v2\/media?parent=5602"}],"wp:term":[{"taxonomy":"category","embeddable":true,"href":"https:\/\/4cantosalagoas.com.br\/portal\/wp-json\/wp\/v2\/categories?post=5602"},{"taxonomy":"post_tag","embeddable":true,"href":"https:\/\/4cantosalagoas.com.br\/portal\/wp-json\/wp\/v2\/tags?post=5602"}],"curies":[{"name":"wp","href":"https:\/\/api.w.org\/{rel}","templated":true}]}}