{"id":5562,"date":"2018-11-14T14:18:23","date_gmt":"2018-11-14T17:18:23","guid":{"rendered":"http:\/\/4cantosalagoas.com.br\/portal\/?p=5562"},"modified":"2018-11-14T14:30:14","modified_gmt":"2018-11-14T17:30:14","slug":"projeto-vamos-subir-a-serra-tem-inicio-nesta-quarta","status":"publish","type":"post","link":"https:\/\/4cantosalagoas.com.br\/portal\/projeto-vamos-subir-a-serra-tem-inicio-nesta-quarta\/","title":{"rendered":"Projeto Vamos Subir a Serra tem in\u00edcio nesta quarta"},"content":{"rendered":"<figure id=\"attachment_5563\" aria-describedby=\"caption-attachment-5563\" style=\"width: 300px\" class=\"wp-caption alignleft\"><img decoding=\"async\" class=\"size-medium wp-image-5563\" src=\"http:\/\/4cantosalagoas.com.br\/portal\/wp-content\/uploads\/2018\/11\/asub-300x165.jpg\" alt=\"\" width=\"300\" height=\"165\" srcset=\"https:\/\/4cantosalagoas.com.br\/portal\/wp-content\/uploads\/2018\/11\/asub-300x165.jpg 300w, https:\/\/4cantosalagoas.com.br\/portal\/wp-content\/uploads\/2018\/11\/asub-375x206.jpg 375w, https:\/\/4cantosalagoas.com.br\/portal\/wp-content\/uploads\/2018\/11\/asub-465x256.jpg 465w, https:\/\/4cantosalagoas.com.br\/portal\/wp-content\/uploads\/2018\/11\/asub.jpg 549w\" sizes=\"(max-width: 300px) 100vw, 300px\" \/><figcaption id=\"caption-attachment-5563\" class=\"wp-caption-text\">Segunda edi\u00e7\u00e3o do projeto acontecer\u00e1 em Macei\u00f3 e em Uni\u00e3o dos Palmares<\/figcaption><\/figure>\n<p>Nesta quarta-feira\u00a0(14), ter\u00e1 in\u00edcio a segunda edi\u00e7\u00e3o do Vamos Subir a Serra, projeto voltado \u00e0 prepara\u00e7\u00e3o da comunidade para a subida \u00e0 Serra da Barriga no dia 19, que envolve exposi\u00e7\u00f5es art\u00edsticas, apresenta\u00e7\u00f5es culturais, palestras, mesas redondas e feiras de produtos afro e quilombolas. A a\u00e7\u00e3o \u00e9 realizada pelo Centro de Cultura e de Estudos \u00c9tnicos Anaj\u00f4, com o apoio da Prefeitura de Macei\u00f3, por meio da Funda\u00e7\u00e3o Municipal de A\u00e7\u00e3o Cultural (Fmac).<\/p>\n<p>A programa\u00e7\u00e3o, todos os dias, ocupa as manh\u00e3s, as tarde e as noites. Amanh\u00e3, na inaugura\u00e7\u00e3o, as atividades come\u00e7am \u00e0s 8h30, no Audit\u00f3rio Ganga Zumba, dentro do Espa\u00e7o Cultural Zumbi dos Palmares, montado na Pra\u00e7a Multieventos, com o semin\u00e1rio Organiza\u00e7\u00e3o e cidadania. \u00c0s 9h, no Centro Cultural Arte Paju\u00e7ara, escolas convidadas da Rede\u00a0Municipal de Educa\u00e7\u00e3o re\u00fanem seus alunos para a exibi\u00e7\u00e3o do filme Pantera Negra, blockbuster dos Est\u00fadios Marvel que, pela primeira vez nessas dimens\u00f5es, leva um super-her\u00f3i africano \u00e0s telonas.<\/p>\n<p>Tamb\u00e9m no Espa\u00e7o Cultural Zumbi dos Palmares, \u00e0s 14h30, Tony Edson, da Escola T\u00e9cnica de Artes da Ufal, comanda uma conta\u00e7\u00e3o de hist\u00f3rias para crian\u00e7as na Pra\u00e7a Dandara. Logo depois, o Contramestre Arapu\u00e1 d\u00e1 in\u00edcio a uma aula de capoeira infantil. \u00c0s 17h, no mesmo espa\u00e7o da Pra\u00e7a Multieventos, ser\u00e3o inauguradas as exposi\u00e7\u00f5es Heran\u00e7a Viva, de Janu\u00e1rio Garcia, e Benigon Benin, de Francisco Oiticica, que\u00a0retrata o importante momento de interc\u00e2mbio cultural da Miss\u00e3o Macei\u00f3-Benim (antigo Daom\u00e9).<\/p>\n<p>Ap\u00f3s a inaugura\u00e7\u00e3o da exposi\u00e7\u00e3o, tem in\u00edcio no Audit\u00f3rio Ganga Zumba a mesa de di\u00e1logo Sarav\u00e1 Benin!, na qual Vin\u00edcius Palmeira, presidente da Fmac, o fot\u00f3grafo Francisco Oiticica e outros participantes da miss\u00e3o dividir\u00e3o com os presentes sua experi\u00eancia no pequeno pa\u00eds no oeste da \u00c1frica. Para Vin\u00edcius, a inten\u00e7\u00e3o \u00e9 vincular cada vez mais Macei\u00f3 ao Benin.\u201dSer\u00e1 uma apresenta\u00e7\u00e3o das emo\u00e7\u00f5es e das impress\u00f5es de cada um dos membros da delega\u00e7\u00e3o\u201d, disse.<\/p>\n<p>Mateus Magalh\u00e3es (estagi\u00e1rio)\/ Ascom Fmac<\/p>\n","protected":false},"excerpt":{"rendered":"<p>Nesta quarta-feira\u00a0(14), ter\u00e1 in\u00edcio a segunda edi\u00e7\u00e3o do Vamos Subir a Serra, projeto voltado \u00e0 prepara\u00e7\u00e3o da<\/p>\n","protected":false},"author":1,"featured_media":5563,"comment_status":"open","ping_status":"open","sticky":false,"template":"","format":"standard","meta":{"footnotes":""},"categories":[60],"tags":[],"class_list":["post-5562","post","type-post","status-publish","format-standard","has-post-thumbnail","hentry","category-capa"],"_links":{"self":[{"href":"https:\/\/4cantosalagoas.com.br\/portal\/wp-json\/wp\/v2\/posts\/5562","targetHints":{"allow":["GET"]}}],"collection":[{"href":"https:\/\/4cantosalagoas.com.br\/portal\/wp-json\/wp\/v2\/posts"}],"about":[{"href":"https:\/\/4cantosalagoas.com.br\/portal\/wp-json\/wp\/v2\/types\/post"}],"author":[{"embeddable":true,"href":"https:\/\/4cantosalagoas.com.br\/portal\/wp-json\/wp\/v2\/users\/1"}],"replies":[{"embeddable":true,"href":"https:\/\/4cantosalagoas.com.br\/portal\/wp-json\/wp\/v2\/comments?post=5562"}],"version-history":[{"count":2,"href":"https:\/\/4cantosalagoas.com.br\/portal\/wp-json\/wp\/v2\/posts\/5562\/revisions"}],"predecessor-version":[{"id":5565,"href":"https:\/\/4cantosalagoas.com.br\/portal\/wp-json\/wp\/v2\/posts\/5562\/revisions\/5565"}],"wp:featuredmedia":[{"embeddable":true,"href":"https:\/\/4cantosalagoas.com.br\/portal\/wp-json\/wp\/v2\/media\/5563"}],"wp:attachment":[{"href":"https:\/\/4cantosalagoas.com.br\/portal\/wp-json\/wp\/v2\/media?parent=5562"}],"wp:term":[{"taxonomy":"category","embeddable":true,"href":"https:\/\/4cantosalagoas.com.br\/portal\/wp-json\/wp\/v2\/categories?post=5562"},{"taxonomy":"post_tag","embeddable":true,"href":"https:\/\/4cantosalagoas.com.br\/portal\/wp-json\/wp\/v2\/tags?post=5562"}],"curies":[{"name":"wp","href":"https:\/\/api.w.org\/{rel}","templated":true}]}}