{"id":5556,"date":"2018-11-14T07:10:26","date_gmt":"2018-11-14T10:10:26","guid":{"rendered":"http:\/\/4cantosalagoas.com.br\/portal\/?p=5556"},"modified":"2018-11-14T07:10:26","modified_gmt":"2018-11-14T10:10:26","slug":"comercio-funcionara-em-horario-especial-no-proximo-dia-15","status":"publish","type":"post","link":"https:\/\/4cantosalagoas.com.br\/portal\/comercio-funcionara-em-horario-especial-no-proximo-dia-15\/","title":{"rendered":"Com\u00e9rcio funcionar\u00e1 em hor\u00e1rio especial no pr\u00f3ximo dia 15"},"content":{"rendered":"<figure id=\"attachment_5557\" aria-describedby=\"caption-attachment-5557\" style=\"width: 300px\" class=\"wp-caption alignleft\"><img fetchpriority=\"high\" decoding=\"async\" class=\"size-medium wp-image-5557\" src=\"http:\/\/4cantosalagoas.com.br\/portal\/wp-content\/uploads\/2018\/11\/serr4-300x225.jpg\" alt=\"\" width=\"300\" height=\"225\" srcset=\"https:\/\/4cantosalagoas.com.br\/portal\/wp-content\/uploads\/2018\/11\/serr4-300x225.jpg 300w, https:\/\/4cantosalagoas.com.br\/portal\/wp-content\/uploads\/2018\/11\/serr4-375x281.jpg 375w, https:\/\/4cantosalagoas.com.br\/portal\/wp-content\/uploads\/2018\/11\/serr4-465x349.jpg 465w, https:\/\/4cantosalagoas.com.br\/portal\/wp-content\/uploads\/2018\/11\/serr4.jpg 600w\" sizes=\"(max-width: 300px) 100vw, 300px\" \/><figcaption id=\"caption-attachment-5557\" class=\"wp-caption-text\">Reprodu\u00e7\u00e3o<\/figcaption><\/figure>\n<p>No pr\u00f3ximo dia 15 ser\u00e1 comemorado o Dia da Proclama\u00e7\u00e3o da Rep\u00fablica e o com\u00e9rcio de Macei\u00f3 funcionar\u00e1 em hor\u00e1rio especial. Segundo a Alian\u00e7a Comercial, as lojas do Centro da capital abrem no primeiro hor\u00e1rio, das 9h \u00e0s 13h.<\/p>\n<p>De acordo com a Fecom\u00e9rcio Alagoas, o hor\u00e1rio de funcionamento dos principais shoppings ser\u00e3o os seguintes: Shopping Farol, as lojas, a pra\u00e7a de alimenta\u00e7\u00e3o e a Central J\u00e1 ser\u00e3o fechadas. Somente as salas de cinema manter\u00e3o sua programa\u00e7\u00e3o normal. Tanto o Arapiraca Garden Shopping quanto o Parque Shopping Macei\u00f3, localizado na Cruz das Almas, funcionar\u00e3o das 10h \u00e0s 22h. O Shopping P\u00e1tio Macei\u00f3 e o Macei\u00f3 Shopping tamb\u00e9m abrir\u00e3o em hor\u00e1rio normal, das 9h \u00e0s 22h.<\/p>\n<p><strong>Supermercados<\/strong><\/p>\n<p>As lojas do Atacad\u00e3o (Tabuleiro e Cruz das Almas) abrir\u00e3o em hor\u00e1rio normal, das 7h \u00e0s 21h. A rede Extra ter\u00e1 suas duas lojas funcionando convencionalmente para feriados: a unidade Farol abre as portas das 7h \u00e0s 22h e a Mangabeiras funciona 24h.<\/p>\n<p>As lojas do Palato abrir\u00e3o das 7h \u00e0 meia-noite, no Farol; 24h, na Ponta Verde; e das 7h \u00e0s 22h, no Parque Gon\u00e7alves L\u00eado. As unidades do Unicompra funcionar\u00e3o em hor\u00e1rio normal.<\/p>\n<p>Algumas unidades do GBarbosa em Macei\u00f3 e no interior ir\u00e3o funcionar em hor\u00e1rio especial. Na capital, as unidades que abrir\u00e3o os dois hor\u00e1rios ser\u00e3o: Hiper Praia, das 7h \u00e0s 19h; Hiper Stella Maris, das 7h \u00e0s 21h; P\u00e1tio, das 9h \u00e0s 22h; e Hiper Serraria, das 7h \u00e0s 19h. J\u00e1 as unidades que abrir\u00e3o somente no primeiro hor\u00e1rio s\u00e3o: Tabuleiro, das 7h \u00e0s 14h, e Benedito Bentes, das 8h \u00e0s 14. Assim como no interior, com lojas de Arapiraca (8h \u00e0s 14h) e Delmiro Gouveia (7h \u00e0s 13h).<\/p>\n<p>O hor\u00e1rio de funcionamento nas lojas da rede Walmart ter\u00e1 poucas altera\u00e7\u00f5es. Al\u00e9m das unidades Bompre\u00e7o Ceasa (que funcionar\u00e1 das 6h \u00e0s 16h), Maxxi de Macei\u00f3 (das 8h \u00e0s 18h) e Maxxi de Arapiraca (que n\u00e3o abrir\u00e1), todas as outras lojas abrir\u00e3o em hor\u00e1rio normal. Bompre\u00e7o Paju\u00e7ara e Farol abrir\u00e3o das 7h \u00e0s 22h; Bompre\u00e7o Ponta Verde, das 6h \u00e0s 22h; Walmart Farol, das 7h \u00e0s 22h.<\/p>\n<p>Assessoria<\/p>\n","protected":false},"excerpt":{"rendered":"<p>No pr\u00f3ximo dia 15 ser\u00e1 comemorado o Dia da Proclama\u00e7\u00e3o da Rep\u00fablica e o com\u00e9rcio de Macei\u00f3<\/p>\n","protected":false},"author":1,"featured_media":5557,"comment_status":"open","ping_status":"open","sticky":false,"template":"","format":"standard","meta":{"footnotes":""},"categories":[60],"tags":[],"class_list":["post-5556","post","type-post","status-publish","format-standard","has-post-thumbnail","hentry","category-capa"],"_links":{"self":[{"href":"https:\/\/4cantosalagoas.com.br\/portal\/wp-json\/wp\/v2\/posts\/5556","targetHints":{"allow":["GET"]}}],"collection":[{"href":"https:\/\/4cantosalagoas.com.br\/portal\/wp-json\/wp\/v2\/posts"}],"about":[{"href":"https:\/\/4cantosalagoas.com.br\/portal\/wp-json\/wp\/v2\/types\/post"}],"author":[{"embeddable":true,"href":"https:\/\/4cantosalagoas.com.br\/portal\/wp-json\/wp\/v2\/users\/1"}],"replies":[{"embeddable":true,"href":"https:\/\/4cantosalagoas.com.br\/portal\/wp-json\/wp\/v2\/comments?post=5556"}],"version-history":[{"count":1,"href":"https:\/\/4cantosalagoas.com.br\/portal\/wp-json\/wp\/v2\/posts\/5556\/revisions"}],"predecessor-version":[{"id":5558,"href":"https:\/\/4cantosalagoas.com.br\/portal\/wp-json\/wp\/v2\/posts\/5556\/revisions\/5558"}],"wp:featuredmedia":[{"embeddable":true,"href":"https:\/\/4cantosalagoas.com.br\/portal\/wp-json\/wp\/v2\/media\/5557"}],"wp:attachment":[{"href":"https:\/\/4cantosalagoas.com.br\/portal\/wp-json\/wp\/v2\/media?parent=5556"}],"wp:term":[{"taxonomy":"category","embeddable":true,"href":"https:\/\/4cantosalagoas.com.br\/portal\/wp-json\/wp\/v2\/categories?post=5556"},{"taxonomy":"post_tag","embeddable":true,"href":"https:\/\/4cantosalagoas.com.br\/portal\/wp-json\/wp\/v2\/tags?post=5556"}],"curies":[{"name":"wp","href":"https:\/\/api.w.org\/{rel}","templated":true}]}}