{"id":5553,"date":"2018-11-14T07:03:57","date_gmt":"2018-11-14T10:03:57","guid":{"rendered":"http:\/\/4cantosalagoas.com.br\/portal\/?p=5553"},"modified":"2018-11-14T07:03:57","modified_gmt":"2018-11-14T10:03:57","slug":"policia-prende-em-flagrante-dupla-especializada-em-roubo-de-veiculos","status":"publish","type":"post","link":"https:\/\/4cantosalagoas.com.br\/portal\/policia-prende-em-flagrante-dupla-especializada-em-roubo-de-veiculos\/","title":{"rendered":"Pol\u00edcia prende em flagrante dupla especializada em roubo de ve\u00edculos"},"content":{"rendered":"<figure id=\"attachment_5554\" aria-describedby=\"caption-attachment-5554\" style=\"width: 300px\" class=\"wp-caption alignleft\"><img fetchpriority=\"high\" decoding=\"async\" class=\"size-medium wp-image-5554\" src=\"http:\/\/4cantosalagoas.com.br\/portal\/wp-content\/uploads\/2018\/11\/abcdele-300x225.jpeg\" alt=\"\" width=\"300\" height=\"225\" srcset=\"https:\/\/4cantosalagoas.com.br\/portal\/wp-content\/uploads\/2018\/11\/abcdele-300x225.jpeg 300w, https:\/\/4cantosalagoas.com.br\/portal\/wp-content\/uploads\/2018\/11\/abcdele-768x576.jpeg 768w, https:\/\/4cantosalagoas.com.br\/portal\/wp-content\/uploads\/2018\/11\/abcdele-1024x768.jpeg 1024w, https:\/\/4cantosalagoas.com.br\/portal\/wp-content\/uploads\/2018\/11\/abcdele-375x281.jpeg 375w, https:\/\/4cantosalagoas.com.br\/portal\/wp-content\/uploads\/2018\/11\/abcdele-465x349.jpeg 465w, https:\/\/4cantosalagoas.com.br\/portal\/wp-content\/uploads\/2018\/11\/abcdele-667x500.jpeg 667w, https:\/\/4cantosalagoas.com.br\/portal\/wp-content\/uploads\/2018\/11\/abcdele.jpeg 1040w\" sizes=\"(max-width: 300px) 100vw, 300px\" \/><figcaption id=\"caption-attachment-5554\" class=\"wp-caption-text\">Rev\u00f3lveres apreendidos durante a\u00e7\u00e3o policial.<\/figcaption><\/figure>\n<p>Uma a\u00e7\u00e3o policial deflagrada pela equipe da Delegacia de Roubos e Furtos de Ve\u00edculos e Cargas (DRFVC), sob o comando da delegada Maria Angelita, no in\u00edcio da noite desta ter\u00e7a-feira (13), prendeu em flagrante uma dupla de assaltantes de ve\u00edculos, na parte alta de Macei\u00f3.<\/p>\n<p>Sebasti\u00e3o dos Santos, 24 anos e Maur\u00edcio dos Santos Silva foram presos no bairro do Tabuleiro do Martins, na capital, no momento em que aguardavam uma oportunidade para cometer mais um assalto. Com eles, os policiais civis apreenderam dois rev\u00f3lveres, calibre 38., municiados.<\/p>\n<p>De acordo com o trabalho de investiga\u00e7\u00e3o realizado pela DRFVC, Sebasti\u00e3o e Maur\u00edcio s\u00e3o naturais da cidade de Taquarana e fazem parte de uma quadrilha especializada em assaltos a m\u00e3o armada de ve\u00edculos.<\/p>\n<p>Segundo informa\u00e7\u00f5es do chefe de opera\u00e7\u00f5es, o agente Anderson Oliveira, os ve\u00edculos roubados eram encomendados, e, ap\u00f3s o assalto,\u00a0 levados para a cidade de Arapiraca.<\/p>\n<p>\u201cOs assaltantes vieram para Macei\u00f3 com o intuito de roubar uma Pickup Strada, e, no momento em que foram surpreendidos pela pol\u00edcia, estavam procurando uma v\u00edtima\u201d, explicou Anderson.<\/p>\n<p>Ap\u00f3s a pris\u00e3o, a dupla confessou que estava planejando o roubo e informou ainda que j\u00e1 tinha praticado outros assaltos a ve\u00edculos em Macei\u00f3.<\/p>\n<p>Eles foram conduzidos para a sede da DRFVC, onde foram autuados pela delegada Angelita pelo crime de porte ilegal de arma de fogo.<\/p>\n<p>Assessoria<\/p>\n","protected":false},"excerpt":{"rendered":"<p>Uma a\u00e7\u00e3o policial deflagrada pela equipe da Delegacia de Roubos e Furtos de Ve\u00edculos e Cargas (DRFVC),<\/p>\n","protected":false},"author":1,"featured_media":5554,"comment_status":"open","ping_status":"open","sticky":false,"template":"","format":"standard","meta":{"footnotes":""},"categories":[60],"tags":[],"class_list":["post-5553","post","type-post","status-publish","format-standard","has-post-thumbnail","hentry","category-capa"],"_links":{"self":[{"href":"https:\/\/4cantosalagoas.com.br\/portal\/wp-json\/wp\/v2\/posts\/5553","targetHints":{"allow":["GET"]}}],"collection":[{"href":"https:\/\/4cantosalagoas.com.br\/portal\/wp-json\/wp\/v2\/posts"}],"about":[{"href":"https:\/\/4cantosalagoas.com.br\/portal\/wp-json\/wp\/v2\/types\/post"}],"author":[{"embeddable":true,"href":"https:\/\/4cantosalagoas.com.br\/portal\/wp-json\/wp\/v2\/users\/1"}],"replies":[{"embeddable":true,"href":"https:\/\/4cantosalagoas.com.br\/portal\/wp-json\/wp\/v2\/comments?post=5553"}],"version-history":[{"count":1,"href":"https:\/\/4cantosalagoas.com.br\/portal\/wp-json\/wp\/v2\/posts\/5553\/revisions"}],"predecessor-version":[{"id":5555,"href":"https:\/\/4cantosalagoas.com.br\/portal\/wp-json\/wp\/v2\/posts\/5553\/revisions\/5555"}],"wp:featuredmedia":[{"embeddable":true,"href":"https:\/\/4cantosalagoas.com.br\/portal\/wp-json\/wp\/v2\/media\/5554"}],"wp:attachment":[{"href":"https:\/\/4cantosalagoas.com.br\/portal\/wp-json\/wp\/v2\/media?parent=5553"}],"wp:term":[{"taxonomy":"category","embeddable":true,"href":"https:\/\/4cantosalagoas.com.br\/portal\/wp-json\/wp\/v2\/categories?post=5553"},{"taxonomy":"post_tag","embeddable":true,"href":"https:\/\/4cantosalagoas.com.br\/portal\/wp-json\/wp\/v2\/tags?post=5553"}],"curies":[{"name":"wp","href":"https:\/\/api.w.org\/{rel}","templated":true}]}}