{"id":5535,"date":"2018-11-12T13:59:54","date_gmt":"2018-11-12T16:59:54","guid":{"rendered":"http:\/\/4cantosalagoas.com.br\/portal\/?p=5535"},"modified":"2018-11-12T13:59:54","modified_gmt":"2018-11-12T16:59:54","slug":"deic-divulga-historico-e-funcao-de-integrantes-de-quadrilha-de-assalto-a-banco","status":"publish","type":"post","link":"https:\/\/4cantosalagoas.com.br\/portal\/deic-divulga-historico-e-funcao-de-integrantes-de-quadrilha-de-assalto-a-banco\/","title":{"rendered":"Deic divulga hist\u00f3rico e fun\u00e7\u00e3o de integrantes de quadrilha de assalto a banco"},"content":{"rendered":"<figure id=\"attachment_5536\" aria-describedby=\"caption-attachment-5536\" style=\"width: 300px\" class=\"wp-caption alignleft\"><img fetchpriority=\"high\" decoding=\"async\" class=\"size-medium wp-image-5536\" src=\"http:\/\/4cantosalagoas.com.br\/portal\/wp-content\/uploads\/2018\/11\/pppol-300x169.jpg\" alt=\"\" width=\"300\" height=\"169\" srcset=\"https:\/\/4cantosalagoas.com.br\/portal\/wp-content\/uploads\/2018\/11\/pppol-300x169.jpg 300w, https:\/\/4cantosalagoas.com.br\/portal\/wp-content\/uploads\/2018\/11\/pppol-768x432.jpg 768w, https:\/\/4cantosalagoas.com.br\/portal\/wp-content\/uploads\/2018\/11\/pppol-1024x576.jpg 1024w, https:\/\/4cantosalagoas.com.br\/portal\/wp-content\/uploads\/2018\/11\/pppol-375x211.jpg 375w, https:\/\/4cantosalagoas.com.br\/portal\/wp-content\/uploads\/2018\/11\/pppol-465x262.jpg 465w, https:\/\/4cantosalagoas.com.br\/portal\/wp-content\/uploads\/2018\/11\/pppol-695x391.jpg 695w, https:\/\/4cantosalagoas.com.br\/portal\/wp-content\/uploads\/2018\/11\/pppol.jpg 1280w\" sizes=\"(max-width: 300px) 100vw, 300px\" \/><figcaption id=\"caption-attachment-5536\" class=\"wp-caption-text\">Assessoria<\/figcaption><\/figure>\n<p>O coordenador da Divis\u00e3o Especial de Investiga\u00e7\u00e3o e Capturas (Deic), delegado F\u00e1bio Costa, divulgou o hist\u00f3rico de crimes e a fun\u00e7\u00e3o de cada um dos 11 membros da quadrilha especializada em assaltos a banco e que foi desarticulada, na quinta-feira (8), em Santana do Ipanema, no Sert\u00e3o de Alagoas. O grupo funcionava de maneira organizada, com atividade de transporte de armas e organiza\u00e7\u00e3o de esconderijos.<\/p>\n<p>F\u00e1bio Costa explicou que os integrantes do grupo tinham fun\u00e7\u00f5es bastante espec\u00edficas, como coordena\u00e7\u00e3o, detona\u00e7\u00e3o de caixas eletr\u00f4nicos, log\u00edstica de carros e pontos de apoio para esconderijos e transporte de armas.<\/p>\n<p>Entre os membros da quadrilha, o destaque para a a\u00e7\u00e3o do explosivista Carlos Alberto de Lima, conhecido como \u201cCoquinho\u201d, respons\u00e1vel por, pelo menos, 30 ataques a institui\u00e7\u00f5es financeiras do estado, nos \u00faltimos tr\u00eas anos.<\/p>\n<p><strong>ORGANOGRAMA DA QUADRILHA:<\/strong><\/p>\n<p><strong>Manoel Bezerra de Almeida, vulgo \u2018Matuto\u2019<\/strong><\/p>\n<ul>\n<li>L\u00edder interestadual da organiza\u00e7\u00e3o criminosa;<\/li>\n<li>Cumpria pena no Pres\u00eddio de Paulo Afonso\/BA, tendo sa\u00eddo recentemente;<\/li>\n<li>V\u00e1rias pris\u00f5es por roubo a banco nos estados do Par\u00e1, Cear\u00e1 e Rio Grande do Norte.<\/li>\n<\/ul>\n<p><strong>Evandro de Paula Lima Silva, vulgo \u2018Saulo explosivista\u2019<\/strong><\/p>\n<ul>\n<li>Principal explosivista da organiza\u00e7\u00e3o criminosa interestadual e um dos mais procurados no Nordeste;<\/li>\n<li>Participou de roubos em praticamente toda a regi\u00e3o Norte\/Nordeste;<\/li>\n<li>V\u00e1rias pris\u00f5es por roubo a banco no estados da Para\u00edba, Alagoas e Rio Grande do Norte;<\/li>\n<li>Foragido de um pres\u00eddio potiguar desde 2012;<\/li>\n<li>Em sua \u00faltima pris\u00e3o, houve troca de tiros com a PM na cidade Catol\u00e9 do Rocha\/PB;<\/li>\n<li>Envolvimento em explos\u00f5es de bancos e carros-forte na Para\u00edba e Rio Grande do Norte.<\/li>\n<\/ul>\n<p><strong>Cristiano R\u00f4mulo de Souza Rodrigues, vulgo \u2018Rominho\u2019<\/strong><\/p>\n<ul>\n<li>Preso em 2017 por integrar quadrilha de roubo a banco e a carro-forte em opera\u00e7\u00e3o conjunta da CIPE caatinga PM\/BA e GATI do 5\u00ba BPM\/Petrolina;<\/li>\n<li>Mandado de pris\u00e3o em aberto em PE, onde era foragido por romper a tornozeleira eletr\u00f4nica.<\/li>\n<\/ul>\n<p><strong>Jos\u00e9 Lutemberg Nogueira Santos, vulgo \u2018Lutinho\u2019 ou \u2018Doutor\u2019<\/strong><\/p>\n<ul>\n<li>L\u00edder e principal articulador do n\u00facleo alagoano;<\/li>\n<li>Mandado de pris\u00e3o em aberto pela participa\u00e7\u00e3o no roubo ao Banco do Brasil, em 17 de setembro de 2018, em Igreja Nova\/AL;<\/li>\n<li>Respons\u00e1vel pelo apoio aos grupos oriundos de outros estados, providenciando a log\u00edstica de carros, armas e pontos de apoio (esconderijos).<\/li>\n<\/ul>\n<p><strong>Carlos Alberto de Lima, vulgo \u2018Coquinho\u2019<\/strong><\/p>\n<ul>\n<li>Explosivista do n\u00facleo alagoano;<\/li>\n<li>Mandado de pris\u00e3o em aberto pela participa\u00e7\u00e3o no roubo ao Banco do Brasil, em 17 de setembro de 2018, em Igreja Nova\/AL;<\/li>\n<li>Em sua resid\u00eancia, na zona rural de Cra\u00edbas, foram apreendidos 25 kg de explosivos, arma e muni\u00e7\u00f5es no in\u00edcio de outubro deste ano;<\/li>\n<li>Desde 2015, atuando na fun\u00e7\u00e3o de explosivista, com participa\u00e7\u00e3o direta em, pelo menos, 30 ataques a institui\u00e7\u00f5es financeiras do estado.<\/li>\n<\/ul>\n<p><strong>Adeildo de Souza Tim\u00f3teo, vulgo \u2018Del\u2019<\/strong><\/p>\n<ul>\n<li>Cumpriu pena no sistema prisional alagoano por roubo a banco, tendo sido preso pela SERB\/DEIC em abril de 2017;<\/li>\n<li>Desde 2015, atuando junto com Coquinho e Doutor na grande maioria dos ataques a institui\u00e7\u00f5es financeiras em Alagoas.<\/li>\n<\/ul>\n<p><strong>Adjane da Silva, vulgo \u2018J\u00e2nio\u2019<\/strong><\/p>\n<ul>\n<li>Respons\u00e1vel pela log\u00edstica de fuga, sendo amplo conhecedor das rotas no Sert\u00e3o, que interligam AL e demais estados nordestinos;<\/li>\n<li>Preso em junho de 2016 por porte ilegal de arma de fogo;<\/li>\n<li>Participou, dando apoio log\u00edstico, a v\u00e1rios ataques a institui\u00e7\u00f5es financeiras no Sert\u00e3o de AL e PE.<\/li>\n<\/ul>\n<p><strong>Andr\u00e9 Luiz de Morais Lima<\/strong><\/p>\n<ul>\n<li>Explosivista em ataques a bancos e carros-forte em todo o Nordeste;<\/li>\n<li>Preso em setembro de 2016, pelo GATI e Patrulha Rural\/PMPE, por roubo a banco;<\/li>\n<li>Procurado pelas for\u00e7as policiais de v\u00e1rios estados do NE.<\/li>\n<\/ul>\n<p><strong>Adriano Souza Silva J\u00fanior, vulgo \u2018J\u00fanior Preto\u2019<\/strong><\/p>\n<ul>\n<li>Respondia a processo em SE por envolvimento em roubo a banco;<\/li>\n<li>Mandado de pris\u00e3o em aberto pela participa\u00e7\u00e3o no roubo ao Banco do Brasil, em 17 de setembro de 2018, em Igreja Nova\/AL;<\/li>\n<li>Respons\u00e1vel pelo transporte das armas entre os estados.<\/li>\n<li><\/li>\n<li>Assessoria<\/li>\n<\/ul>\n","protected":false},"excerpt":{"rendered":"<p>O coordenador da Divis\u00e3o Especial de Investiga\u00e7\u00e3o e Capturas (Deic), delegado F\u00e1bio Costa, divulgou o hist\u00f3rico de<\/p>\n","protected":false},"author":1,"featured_media":5536,"comment_status":"open","ping_status":"open","sticky":false,"template":"","format":"standard","meta":{"footnotes":""},"categories":[60],"tags":[],"class_list":["post-5535","post","type-post","status-publish","format-standard","has-post-thumbnail","hentry","category-capa"],"_links":{"self":[{"href":"https:\/\/4cantosalagoas.com.br\/portal\/wp-json\/wp\/v2\/posts\/5535","targetHints":{"allow":["GET"]}}],"collection":[{"href":"https:\/\/4cantosalagoas.com.br\/portal\/wp-json\/wp\/v2\/posts"}],"about":[{"href":"https:\/\/4cantosalagoas.com.br\/portal\/wp-json\/wp\/v2\/types\/post"}],"author":[{"embeddable":true,"href":"https:\/\/4cantosalagoas.com.br\/portal\/wp-json\/wp\/v2\/users\/1"}],"replies":[{"embeddable":true,"href":"https:\/\/4cantosalagoas.com.br\/portal\/wp-json\/wp\/v2\/comments?post=5535"}],"version-history":[{"count":1,"href":"https:\/\/4cantosalagoas.com.br\/portal\/wp-json\/wp\/v2\/posts\/5535\/revisions"}],"predecessor-version":[{"id":5537,"href":"https:\/\/4cantosalagoas.com.br\/portal\/wp-json\/wp\/v2\/posts\/5535\/revisions\/5537"}],"wp:featuredmedia":[{"embeddable":true,"href":"https:\/\/4cantosalagoas.com.br\/portal\/wp-json\/wp\/v2\/media\/5536"}],"wp:attachment":[{"href":"https:\/\/4cantosalagoas.com.br\/portal\/wp-json\/wp\/v2\/media?parent=5535"}],"wp:term":[{"taxonomy":"category","embeddable":true,"href":"https:\/\/4cantosalagoas.com.br\/portal\/wp-json\/wp\/v2\/categories?post=5535"},{"taxonomy":"post_tag","embeddable":true,"href":"https:\/\/4cantosalagoas.com.br\/portal\/wp-json\/wp\/v2\/tags?post=5535"}],"curies":[{"name":"wp","href":"https:\/\/api.w.org\/{rel}","templated":true}]}}