{"id":5517,"date":"2018-11-10T07:10:35","date_gmt":"2018-11-10T10:10:35","guid":{"rendered":"http:\/\/4cantosalagoas.com.br\/portal\/?p=5517"},"modified":"2018-11-10T07:10:35","modified_gmt":"2018-11-10T10:10:35","slug":"prefeitura-lanca-projeto-de-realidade-virtual-em-feira-de-turismo","status":"publish","type":"post","link":"https:\/\/4cantosalagoas.com.br\/portal\/prefeitura-lanca-projeto-de-realidade-virtual-em-feira-de-turismo\/","title":{"rendered":"Prefeitura lan\u00e7a projeto de realidade virtual em feira de turismo"},"content":{"rendered":"<figure id=\"attachment_5518\" aria-describedby=\"caption-attachment-5518\" style=\"width: 300px\" class=\"wp-caption alignleft\"><img fetchpriority=\"high\" decoding=\"async\" class=\"size-medium wp-image-5518\" src=\"http:\/\/4cantosalagoas.com.br\/portal\/wp-content\/uploads\/2018\/11\/abcabcbcabca-300x225.jpg\" alt=\"\" width=\"300\" height=\"225\" srcset=\"https:\/\/4cantosalagoas.com.br\/portal\/wp-content\/uploads\/2018\/11\/abcabcbcabca-300x225.jpg 300w, https:\/\/4cantosalagoas.com.br\/portal\/wp-content\/uploads\/2018\/11\/abcabcbcabca-768x576.jpg 768w, https:\/\/4cantosalagoas.com.br\/portal\/wp-content\/uploads\/2018\/11\/abcabcbcabca-1024x768.jpg 1024w, https:\/\/4cantosalagoas.com.br\/portal\/wp-content\/uploads\/2018\/11\/abcabcbcabca-375x281.jpg 375w, https:\/\/4cantosalagoas.com.br\/portal\/wp-content\/uploads\/2018\/11\/abcabcbcabca-465x349.jpg 465w, https:\/\/4cantosalagoas.com.br\/portal\/wp-content\/uploads\/2018\/11\/abcabcbcabca-667x500.jpg 667w, https:\/\/4cantosalagoas.com.br\/portal\/wp-content\/uploads\/2018\/11\/abcabcbcabca.jpg 1280w\" sizes=\"(max-width: 300px) 100vw, 300px\" \/><figcaption id=\"caption-attachment-5518\" class=\"wp-caption-text\">Estande de Alagoas ressalta destino Macei\u00f3 e est\u00e1 entre os destaques na feira. Foto: B\u00e1rbara Pacheco\/ Ascom Semtur<\/figcaption><\/figure>\n<p>A Secretaria Municipal de Turismo (Semtur) acaba de lan\u00e7ar mais uma a\u00e7\u00e3o inovadora e estrat\u00e9gica de promo\u00e7\u00e3o do destino Macei\u00f3, o projeto Macei\u00f3 360 \u2013 Experimente nossa viagem virtual.\u00a0O v\u00eddeo em formato 360 utiliza o recurso da realidade virtual para apresentar os maiores atrativos tur\u00edsticos da capital alagoana. O material foi apresentado nesta sexta-feira (09) durante a 30\u00aa edi\u00e7\u00e3o de um dos mais importantes eventos de neg\u00f3cios voltados para o segmento no Pa\u00eds \u2013 o Festival de Turismo de Gramado (Festuris), no Rio Grande do Sul.<\/p>\n<p>Na ocasi\u00e3o, o stand de Alagoas na feira apresentou como grande diferencial a oportunidade do p\u00fablico presente conhecer Macei\u00f3\u00a0por meio de um v\u00eddeo promocional que destaca os grandes atrativos da cidade com uma experi\u00eancia sensorial em realidade virtual. No local, os visitantes\u00a0tiveram acesso a \u00f3culos especiais conectados a um aparelho celular com suporte para exibi\u00e7\u00e3o do material.<\/p>\n<div id=\"attachment_273424\" class=\"wp-caption aligncenter\"><img decoding=\"async\" class=\"size-full wp-image-273424\" src=\"http:\/\/www.maceio.al.gov.br\/wp-content\/uploads\/2018\/11\/jpg\/2018\/11\/WhatsApp-Image-2018-11-09-at-16.09.33.jpegE_.jpg\" sizes=\"(max-width: 1024px) 100vw, 1024px\" srcset=\"http:\/\/www.maceio.al.gov.br\/wp-content\/uploads\/2018\/11\/jpg\/2018\/11\/WhatsApp-Image-2018-11-09-at-16.09.33.jpegE_.jpg 1024w, http:\/\/www.maceio.al.gov.br\/wp-content\/uploads\/2018\/11\/jpg\/2018\/11\/WhatsApp-Image-2018-11-09-at-16.09.33.jpegE_-150x113.jpg 150w, http:\/\/www.maceio.al.gov.br\/wp-content\/uploads\/2018\/11\/jpg\/2018\/11\/WhatsApp-Image-2018-11-09-at-16.09.33.jpegE_-300x225.jpg 300w, http:\/\/www.maceio.al.gov.br\/wp-content\/uploads\/2018\/11\/jpg\/2018\/11\/WhatsApp-Image-2018-11-09-at-16.09.33.jpegE_-768x576.jpg 768w\" alt=\"Secret\u00e1rio de turismo Jair Galv\u00e3o aproveitou para conferir o v\u00eddeo durante a feira. Foto: Graziella Fritscher\/Ascom Semtur\" width=\"1024\" height=\"768\" \/><\/p>\n<p class=\"wp-caption-text\">Secret\u00e1rio de turismo Jair Galv\u00e3o aproveitou para conferir o v\u00eddeo durante a feira. Foto: Graziella Fritscher\/Ascom Semtur<\/p>\n<\/div>\n<p>Realizado por meio de um conv\u00eanio com a Associa\u00e7\u00e3o Brasileira da Ind\u00fastria de Hot\u00e9is em Alagoas (ABIH-AL), o projeto contou com o apoio direto do trade tur\u00edstico em Macei\u00f3 que ofereceu um suporte fundamental para a execu\u00e7\u00e3o do material e facilitou a log\u00edstica necess\u00e1ria para a realiza\u00e7\u00e3o do projeto.<\/p>\n<p>Segundo o secret\u00e1rio de turismo de Macei\u00f3, Jair Galv\u00e3o, essa \u00e9 mais uma etapa conclu\u00edda da a\u00e7\u00f5es de marketing digital desenvolvidas pela Prefeitura de Macei\u00f3 em parceria com a iniciativa privada do setor e que servir\u00e1 como um suporte a mais em capacita\u00e7\u00f5es e treinamentos de agentes, assim como na divulga\u00e7\u00e3o do destino Macei\u00f3 como um todo.<\/p>\n<div id=\"attachment_273425\" class=\"wp-caption aligncenter\"><img decoding=\"async\" class=\"size-full wp-image-273425\" src=\"http:\/\/www.maceio.al.gov.br\/wp-content\/uploads\/2018\/11\/jpg\/2018\/11\/WhatsApp-Image-2018-11-09-at-16.09.33-1.jpegE_.jpg\" sizes=\"(max-width: 1024px) 100vw, 1024px\" srcset=\"http:\/\/www.maceio.al.gov.br\/wp-content\/uploads\/2018\/11\/jpg\/2018\/11\/WhatsApp-Image-2018-11-09-at-16.09.33-1.jpegE_.jpg 1024w, http:\/\/www.maceio.al.gov.br\/wp-content\/uploads\/2018\/11\/jpg\/2018\/11\/WhatsApp-Image-2018-11-09-at-16.09.33-1.jpegE_-150x113.jpg 150w, http:\/\/www.maceio.al.gov.br\/wp-content\/uploads\/2018\/11\/jpg\/2018\/11\/WhatsApp-Image-2018-11-09-at-16.09.33-1.jpegE_-300x225.jpg 300w, http:\/\/www.maceio.al.gov.br\/wp-content\/uploads\/2018\/11\/jpg\/2018\/11\/WhatsApp-Image-2018-11-09-at-16.09.33-1.jpegE_-768x576.jpg 768w\" alt=\"Representantes e secret\u00e1rios de destinos alagoanos reunidos em frente ao estande de Alagoas na feira. Foto: Graziella Fritscher\" width=\"1024\" height=\"768\" \/><\/p>\n<p class=\"wp-caption-text\">Representantes e secret\u00e1rios de destinos alagoanos reunidos em frente ao estande de Alagoas na feira. Foto: Graziella Fritscher \/ Ascom Semtur<\/p>\n<\/div>\n<p>\u201cEssa \u00e9 mais uma importante entrega da Prefeitura de Macei\u00f3 ao segmento. Um projeto inovador e que deve alavancar os atrativos da capital alagoana atrav\u00e9s de capacita\u00e7\u00f5es com agentes em feiras e eventos de turismo e pode apresentar tamb\u00e9m ao grande p\u00fablico o que a nossa cidade tem a oferecer, j\u00e1 que o v\u00eddeo estar\u00e1 dispon\u00edvel na internet para que todas as pessoas possam acessar,\u201d comentou Galv\u00e3o.<\/p>\n<p>O v\u00eddeo destaca as belezas naturais da capital alagoana atrav\u00e9s da inclus\u00e3o de seus principais pontos tur\u00edsticos. H\u00e1 espa\u00e7o tamb\u00e9m para folguedos tradicionais, experi\u00eancias gastron\u00f4micas, turismo de aventura, a riqueza do artesanato local e o circuito de equipamentos culturais da cidade. Para assistir ao v\u00eddeo, acesse o perfil do Experimente Macei\u00f3 no\u00a0<a href=\"https:\/\/youtu.be\/YtlOGVSDyGk\">youtube<\/a>.<\/p>\n<p>Luiz Rios\/Ascom Semtur<\/p>\n","protected":false},"excerpt":{"rendered":"<p>A Secretaria Municipal de Turismo (Semtur) acaba de lan\u00e7ar mais uma a\u00e7\u00e3o inovadora e estrat\u00e9gica de promo\u00e7\u00e3o<\/p>\n","protected":false},"author":1,"featured_media":5518,"comment_status":"open","ping_status":"open","sticky":false,"template":"","format":"standard","meta":{"footnotes":""},"categories":[60,5],"tags":[],"class_list":["post-5517","post","type-post","status-publish","format-standard","has-post-thumbnail","hentry","category-capa","category-maceio"],"_links":{"self":[{"href":"https:\/\/4cantosalagoas.com.br\/portal\/wp-json\/wp\/v2\/posts\/5517","targetHints":{"allow":["GET"]}}],"collection":[{"href":"https:\/\/4cantosalagoas.com.br\/portal\/wp-json\/wp\/v2\/posts"}],"about":[{"href":"https:\/\/4cantosalagoas.com.br\/portal\/wp-json\/wp\/v2\/types\/post"}],"author":[{"embeddable":true,"href":"https:\/\/4cantosalagoas.com.br\/portal\/wp-json\/wp\/v2\/users\/1"}],"replies":[{"embeddable":true,"href":"https:\/\/4cantosalagoas.com.br\/portal\/wp-json\/wp\/v2\/comments?post=5517"}],"version-history":[{"count":1,"href":"https:\/\/4cantosalagoas.com.br\/portal\/wp-json\/wp\/v2\/posts\/5517\/revisions"}],"predecessor-version":[{"id":5519,"href":"https:\/\/4cantosalagoas.com.br\/portal\/wp-json\/wp\/v2\/posts\/5517\/revisions\/5519"}],"wp:featuredmedia":[{"embeddable":true,"href":"https:\/\/4cantosalagoas.com.br\/portal\/wp-json\/wp\/v2\/media\/5518"}],"wp:attachment":[{"href":"https:\/\/4cantosalagoas.com.br\/portal\/wp-json\/wp\/v2\/media?parent=5517"}],"wp:term":[{"taxonomy":"category","embeddable":true,"href":"https:\/\/4cantosalagoas.com.br\/portal\/wp-json\/wp\/v2\/categories?post=5517"},{"taxonomy":"post_tag","embeddable":true,"href":"https:\/\/4cantosalagoas.com.br\/portal\/wp-json\/wp\/v2\/tags?post=5517"}],"curies":[{"name":"wp","href":"https:\/\/api.w.org\/{rel}","templated":true}]}}