{"id":5493,"date":"2018-11-08T19:03:14","date_gmt":"2018-11-08T22:03:14","guid":{"rendered":"http:\/\/4cantosalagoas.com.br\/portal\/?p=5493"},"modified":"2018-11-08T19:17:56","modified_gmt":"2018-11-08T22:17:56","slug":"veja-como-funcionarao-as-linhas-de-onibus-semiexpressas","status":"publish","type":"post","link":"https:\/\/4cantosalagoas.com.br\/portal\/veja-como-funcionarao-as-linhas-de-onibus-semiexpressas\/","title":{"rendered":"Veja como funcionar\u00e3o as linhas de \u00f4nibus semiexpressas"},"content":{"rendered":"<figure id=\"attachment_5494\" aria-describedby=\"caption-attachment-5494\" style=\"width: 300px\" class=\"wp-caption alignleft\"><img fetchpriority=\"high\" decoding=\"async\" class=\"size-medium wp-image-5494\" src=\"http:\/\/4cantosalagoas.com.br\/portal\/wp-content\/uploads\/2018\/11\/cars54se-300x199.jpg\" alt=\"\" width=\"300\" height=\"199\" srcset=\"https:\/\/4cantosalagoas.com.br\/portal\/wp-content\/uploads\/2018\/11\/cars54se-300x199.jpg 300w, https:\/\/4cantosalagoas.com.br\/portal\/wp-content\/uploads\/2018\/11\/cars54se-768x510.jpg 768w, https:\/\/4cantosalagoas.com.br\/portal\/wp-content\/uploads\/2018\/11\/cars54se.jpg 1024w, https:\/\/4cantosalagoas.com.br\/portal\/wp-content\/uploads\/2018\/11\/cars54se-375x249.jpg 375w, https:\/\/4cantosalagoas.com.br\/portal\/wp-content\/uploads\/2018\/11\/cars54se-465x309.jpg 465w, https:\/\/4cantosalagoas.com.br\/portal\/wp-content\/uploads\/2018\/11\/cars54se-695x462.jpg 695w\" sizes=\"(max-width: 300px) 100vw, 300px\" \/><figcaption id=\"caption-attachment-5494\" class=\"wp-caption-text\">Viagens semiexpressas t\u00eam in\u00edcio na pr\u00f3xima semanaFoto:Marco Antonio\/Secom Macei\u00f3<\/figcaption><\/figure>\n<p>Com o intuito de agilizar o processo de deslocamento dos usu\u00e1rios dos coletivos de Macei\u00f3 e diminuir o n\u00famero de paradas durante o trajeto dos \u00f4nibus, a Superintend\u00eancia Municipal de Transportes e Tr\u00e2nsito (SMTT) adicionar\u00e1, a partir da pr\u00f3xima segunda-feira (12), viagens semiexpressas em tr\u00eas linhas de \u00f4nibus j\u00e1 existentes na capital alagoana.<\/p>\n<p>O novo modelo de viagem acontecer\u00e1 de segunda a sexta-feira, no per\u00edodo da manh\u00e3, em hor\u00e1rios que possuem grande demanda de passageiros. Os moradores do Benedito Bentes, Trapiche da Barra e Ipioca ser\u00e3o contemplados.<\/p>\n<p>Para deixar mais claro para a popula\u00e7\u00e3o sobre como funcionar\u00e1 a viagem semiexpressa, a SMTT selecionou as perguntas mais recorrentes feitas pelos usu\u00e1rios do transporte coletivo de Macei\u00f3. Confira abaixo:<\/p>\n<p><strong>\u2013 PARA QUE SERVE A VIAGEM SEMIEXPRESSA?<\/strong><\/p>\n<p>As viagens semiexpressas servem para os usu\u00e1rios dos \u00f4nibus de Macei\u00f3 chegarem mais r\u00e1pido ao seu destino final. Por isso, o n\u00famero de paradas para embarque e desembarque ser\u00e1 limitado.<\/p>\n<p><strong>\u2013 QUANTAS LINHAS SER\u00c3O?<\/strong><\/p>\n<p>Ao todo, ser\u00e3o tr\u00eas linhas contempladas com este novo modelo de viagem semiexpressa: 704 \u2013 Benedito Bentes\/Ponta Verde (Via Santa L\u00facia), 906 \u2013 Trapiche\/Ufal e 223 \u2013 Ipioca\/Mercado (Via Po\u00e7o).<\/p>\n<p><strong>\u2013 QUAIS OS HOR\u00c1RIOS DE CADA VIAGEM?<\/strong><\/p>\n<p>Cada linha receber\u00e1 um acr\u00e9scimo de duas novas viagens no modelo semiexpresso. A linha 704\u00a0vai operar nos hor\u00e1rios de 6h07 e 6h17. J\u00e1 as linhas 906 e 223 far\u00e3o suas viagens \u00e0s 5h50 e 6h30.<\/p>\n<p><strong>\u2013 QUAIS SER\u00c3O AS PARADAS?<\/strong><\/p>\n<p>A linha 223 \u2013 Ipioca\/Mercado far\u00e1 seu percurso normal, embarcando os passageiros at\u00e9 a Pra\u00e7a Em\u00edlio de Carvalho, em Riacho Doce. Ap\u00f3s esta parada, a viagem seguir\u00e1 direto at\u00e9 o shopping localizado no bairro Cruz das Almas, onde os usu\u00e1rios poder\u00e3o desembarcar.<\/p>\n<p>J\u00e1 na linha 906 \u2013 Trapiche\/Ufal, as pessoas poder\u00e3o subir no \u00f4nibus at\u00e9 a Rua Professor Loureiro, no bairro da Ponta Grossa. Depois deste ponto, o embarque e desembarque de passageiros ser\u00e1 realizado apenas a partir da Avenida Tom\u00e1s Esp\u00edndola, no bairro Farol.<\/p>\n<p>Os usu\u00e1rios da linha 704 \u2013 Benedito Bentes\/Ponta Verde (Via Santa L\u00facia) s\u00f3 conseguir\u00e3o embarcar e desembarcar no ve\u00edculo a partir do primeiro ponto localizado na Avenida Benedito Bentes at\u00e9 a parada do posto de gasolina que fica pr\u00f3ximo ao Correios da Avenida Durval de G\u00f3es Monteiro, no bairro Tabuleiro do Martins. Ap\u00f3s esta parada, a popula\u00e7\u00e3o poder\u00e1 embarcar e desembarcar novamente no ponto da Casa Vieira, no Farol. Depois disso, o desembarque para esta linha s\u00f3 ser\u00e1 permitido a partir da Pra\u00e7a do Centen\u00e1rio, no Farol.<\/p>\n<p>\u2013<strong>\u00a0COMO SABER QUE SER\u00c1 UMA VIAGEM SEMIEXPRESSA?<\/strong><\/p>\n<p>Para identificar um \u00f4nibus que realiza o percurso semiexpresso, um adesivo ser\u00e1 colado no para-brisa do ve\u00edculo informando o tipo de viagem. Uma placa informando que o \u00f4nibus s\u00f3 aceitar\u00e1 o Cart\u00e3o Bem Legal como forma de pagamento tamb\u00e9m ser\u00e1 anexada na frente do carro.<\/p>\n<p>\u2013<strong>\u00a0QUAL A FORMA DE PAGAMENTO? POSSO PAGAR EM DINHEIRO?<\/strong><\/p>\n<p>Com o intuito de agilizar o embarque de passageiros, o pagamento da passagem ser\u00e1 feito\u00a0somente\u00a0com os cart\u00f5es\u00a0Bem Legal de qualquer modalidade.\u00a0Nas viagens semiexpressas n\u00e3o ser\u00e1 aceito dinheiro como forma de pagamento.<\/p>\n<p><strong>\u2013 QUAIS OS DIAS EM QUE FUNCIONAR\u00c3O AS LINHAS SEMIEXPRESSAS?<\/strong><\/p>\n<p>As viagens semiexpressas funcionar\u00e3o apenas nos dias \u00fateis, ou seja, de segunda a sexta-feira.<\/p>\n<p><strong>\u2013 SER\u00c1 APENAS PARA O TRAJETO DE IDA?<\/strong><\/p>\n<p>Sim. As viagens semiexpressas ser\u00e3o realizadas apenas no trajeto de ida, nos hor\u00e1rios de pico da manh\u00e3 estabelecidos pela SMTT.<\/p>\n<p><strong>\u2013 A PASSAGEM VAI AUMENTAR?<\/strong><\/p>\n<p>N\u00e3o. O valor da passagem para as linhas semiexpressas n\u00e3o aumentar\u00e1. Ser\u00e1 cobrada a mesma taxa das linhas de \u00f4nibus que fazem parte do Sistema Integrado de Mobilidade de Macei\u00f3 (SIMM).<\/p>\n<p><strong>\u2013 AS LINHAS J\u00c1 EXISTENTES SER\u00c3O MODIFICADAS?<\/strong><\/p>\n<p>N\u00e3o. As viagens semiexpressas ser\u00e3o adicionadas na programa\u00e7\u00e3o das linhas j\u00e1 existentes. Nenhuma viagem ou outro hor\u00e1rio ser\u00e1 modificado.<\/p>\n<p>Ascom SMTT<\/p>\n","protected":false},"excerpt":{"rendered":"<p>Com o intuito de agilizar o processo de deslocamento dos usu\u00e1rios dos coletivos de Macei\u00f3 e diminuir<\/p>\n","protected":false},"author":1,"featured_media":5494,"comment_status":"open","ping_status":"open","sticky":false,"template":"","format":"standard","meta":{"footnotes":""},"categories":[60,4],"tags":[],"class_list":["post-5493","post","type-post","status-publish","format-standard","has-post-thumbnail","hentry","category-capa","category-noticias"],"_links":{"self":[{"href":"https:\/\/4cantosalagoas.com.br\/portal\/wp-json\/wp\/v2\/posts\/5493","targetHints":{"allow":["GET"]}}],"collection":[{"href":"https:\/\/4cantosalagoas.com.br\/portal\/wp-json\/wp\/v2\/posts"}],"about":[{"href":"https:\/\/4cantosalagoas.com.br\/portal\/wp-json\/wp\/v2\/types\/post"}],"author":[{"embeddable":true,"href":"https:\/\/4cantosalagoas.com.br\/portal\/wp-json\/wp\/v2\/users\/1"}],"replies":[{"embeddable":true,"href":"https:\/\/4cantosalagoas.com.br\/portal\/wp-json\/wp\/v2\/comments?post=5493"}],"version-history":[{"count":1,"href":"https:\/\/4cantosalagoas.com.br\/portal\/wp-json\/wp\/v2\/posts\/5493\/revisions"}],"predecessor-version":[{"id":5495,"href":"https:\/\/4cantosalagoas.com.br\/portal\/wp-json\/wp\/v2\/posts\/5493\/revisions\/5495"}],"wp:featuredmedia":[{"embeddable":true,"href":"https:\/\/4cantosalagoas.com.br\/portal\/wp-json\/wp\/v2\/media\/5494"}],"wp:attachment":[{"href":"https:\/\/4cantosalagoas.com.br\/portal\/wp-json\/wp\/v2\/media?parent=5493"}],"wp:term":[{"taxonomy":"category","embeddable":true,"href":"https:\/\/4cantosalagoas.com.br\/portal\/wp-json\/wp\/v2\/categories?post=5493"},{"taxonomy":"post_tag","embeddable":true,"href":"https:\/\/4cantosalagoas.com.br\/portal\/wp-json\/wp\/v2\/tags?post=5493"}],"curies":[{"name":"wp","href":"https:\/\/api.w.org\/{rel}","templated":true}]}}