{"id":5315,"date":"2018-10-24T14:10:43","date_gmt":"2018-10-24T17:10:43","guid":{"rendered":"http:\/\/4cantosalagoas.com.br\/portal\/?p=5315"},"modified":"2018-10-24T14:38:02","modified_gmt":"2018-10-24T17:38:02","slug":"arsal-anuncia-reforco-no-transporte-rodoviario-intermunicipal-em-rio-largo","status":"publish","type":"post","link":"https:\/\/4cantosalagoas.com.br\/portal\/arsal-anuncia-reforco-no-transporte-rodoviario-intermunicipal-em-rio-largo\/","title":{"rendered":"Arsal anuncia refor\u00e7o no transporte rodovi\u00e1rio intermunicipal em Rio Largo"},"content":{"rendered":"<figure id=\"attachment_5316\" aria-describedby=\"caption-attachment-5316\" style=\"width: 300px\" class=\"wp-caption alignleft\"><img fetchpriority=\"high\" decoding=\"async\" class=\"size-medium wp-image-5316\" src=\"http:\/\/4cantosalagoas.com.br\/portal\/wp-content\/uploads\/2018\/10\/busdara-300x175.jpeg\" alt=\"\" width=\"300\" height=\"175\" srcset=\"https:\/\/4cantosalagoas.com.br\/portal\/wp-content\/uploads\/2018\/10\/busdara-300x175.jpeg 300w, https:\/\/4cantosalagoas.com.br\/portal\/wp-content\/uploads\/2018\/10\/busdara-375x219.jpeg 375w, https:\/\/4cantosalagoas.com.br\/portal\/wp-content\/uploads\/2018\/10\/busdara-460x270.jpeg 460w, https:\/\/4cantosalagoas.com.br\/portal\/wp-content\/uploads\/2018\/10\/busdara-465x271.jpeg 465w, https:\/\/4cantosalagoas.com.br\/portal\/wp-content\/uploads\/2018\/10\/busdara.jpeg 600w\" sizes=\"(max-width: 300px) 100vw, 300px\" \/><figcaption id=\"caption-attachment-5316\" class=\"wp-caption-text\">Divulga\u00e7\u00e3o<\/figcaption><\/figure>\n<p>A partir de novembro deste ano, todas as linhas atendidas pelo Sistema de Transporte Rodovi\u00e1rio Intermunicipal de Passageiros na regi\u00e3o de Rio Largo devem ter refor\u00e7os na frota e no n\u00famero de viagens, principalmente nos hor\u00e1rios de pico, para evitar a superlota\u00e7\u00e3o. Em algumas dessas linhas, o incremento j\u00e1 come\u00e7ou.<\/p>\n<p>Segundo dados do Setor de Planejamento da Ag\u00eancia Reguladora de Servi\u00e7os P\u00fablicos do Estado de Alagoas (Arsal), at\u00e9 o momento houve refor\u00e7o no n\u00famero de viagens &#8211; nos hor\u00e1rios entre 5h e 9h da manh\u00e3 e das 16h \u00e0s 20h &#8211; nas linhas Cruzeiro do Sul-Ponta Verde e Cruzeiro do Sul-Macei\u00f3, atendidas por \u00f4nibus do servi\u00e7o convencional. Nesta \u00faltima ainda foram concedidas tr\u00eas permiss\u00f5es emergenciais para o transporte complementar.<\/p>\n<p>Os usu\u00e1rios residentes nos conjuntos habitacionais Ant\u00f4nio Lins, Teot\u00f4nio Vilela I e II, Morivaldoe Jos\u00e9 Carlos tamb\u00e9m foram beneficiados com a entrada de ve\u00edculos complementares nos locais, que n\u00e3o eram assistidos pelo Sistema de Transporte.<\/p>\n<p>No conjunto Ant\u00f4nio Lins, a partir das 5h, quatro ve\u00edculos complementares trafegam durante todo o dia, de meia em meia hora. Os demais conjuntos citados, por enquanto, est\u00e3o sendo atendidos com hor\u00e1rios pela manh\u00e3, tamb\u00e9m de meia em meia hora, entre 5h e 7h.<\/p>\n<p><strong>Melhorias<\/strong><\/p>\n<p>Ap\u00f3s a intermedia\u00e7\u00e3o da Arsal, da Prefeitura de Rio Largo e do Minist\u00e9rio P\u00fablico do Estado (MPE-AL), por meio da Promotoria do Munic\u00edpio, todo o quadro de hor\u00e1rios nas linhas intermunicipais da regi\u00e3o deve ser readequado para melhorar o servi\u00e7o prestado aos passageiros. As linhas s\u00e3o: Rio Largo- Macei\u00f3 (via Mata do Rolo); Rio Largo- Macei\u00f3 (via Gustavo Paiva); Aeroporto-Macei\u00f3 (via Ponta Verde); Cruzeiro do Sul-Macei\u00f3; Cruzeiro do Sul-Macei\u00f3 (via Ponta Verde); e Conjunto Jarbas Oiticica-Macei\u00f3.<\/p>\n<p>\u201cA partir de novembro a empresa Veleiro, respons\u00e1vel pelas linhas, deve promover essa readequa\u00e7\u00e3o e informar ao Minist\u00e9rio P\u00fablico sobre as mudan\u00e7as, que ser\u00e3o acompanhadas pela Promotoria de Rio Largo e pela Arsal, respons\u00e1vel ainda por monitorar o cumprimento dos hor\u00e1rios\u201d, explicou Maria Guimar\u00e3es, do Setor de Planejamento da Ag\u00eancia Reguladora.<\/p>\n<p>O presidente da Arsal, Lailson Gomes, acrescentou que o incremento se dar\u00e1 em todas as linhas, nos hor\u00e1rios de pico, das 5h \u00e0s 9h e das 16h \u00e0s 20h, e atende a um pleito antigo de milhares de usu\u00e1rios que utilizam diariamente o transporte p\u00fablico intermunicipal na regi\u00e3o.<\/p>\n<p>Ele lembrou que, paralelamente ao estudo de demanda realizado pela Arsal em Rio Largo, desde mar\u00e7o deste ano a est\u00e1 sendo feito um mapeamento em todo o Estado para levantar as necessidades de cada localidade em rela\u00e7\u00e3o ao transporte. Ap\u00f3s sua conclus\u00e3o, o estudo servir\u00e1 como base para uma nova licita\u00e7\u00e3o para o Sistema de Transporte Rodovi\u00e1rio Intermunicipal de Passageiros em Alagoas.<\/p>\n<p>Para o registro de demandas, den\u00fancias e sugest\u00f5es, qualquer cidad\u00e3o pode acionar a Ouvidoria da Arsal, por meio do n\u00famero de discagem gratuita (0800 284-0429); presencialmente (ambos funcionando de segunda a sexta-feira, das 8h \u00e0s 14h); de forma online (<a href=\"http:\/\/www.arsal.al.gov.br\/\" target=\"_blank\" rel=\"noopener\">www.arsal.al.gov.br<\/a>) e por e-mail\u00a0(<a href=\"mailto:ouvidoria@arsal.al.gov.br\" target=\"_blank\" rel=\"noopener\">ouvidoria@arsal.al.gov.br<\/a>), em qualquer hora ou dia da semana.<\/p>\n<div class=\"clearfix\"><\/div>\n<p>&nbsp;<\/p>\n<p>Fonte:\u00a0<strong>Ascom Arsal<\/strong><\/p>\n","protected":false},"excerpt":{"rendered":"<p>A partir de novembro deste ano, todas as linhas atendidas pelo Sistema de Transporte Rodovi\u00e1rio Intermunicipal de<\/p>\n","protected":false},"author":1,"featured_media":5316,"comment_status":"open","ping_status":"open","sticky":false,"template":"","format":"standard","meta":{"footnotes":""},"categories":[60,5,4],"tags":[],"class_list":["post-5315","post","type-post","status-publish","format-standard","has-post-thumbnail","hentry","category-capa","category-maceio","category-noticias"],"_links":{"self":[{"href":"https:\/\/4cantosalagoas.com.br\/portal\/wp-json\/wp\/v2\/posts\/5315","targetHints":{"allow":["GET"]}}],"collection":[{"href":"https:\/\/4cantosalagoas.com.br\/portal\/wp-json\/wp\/v2\/posts"}],"about":[{"href":"https:\/\/4cantosalagoas.com.br\/portal\/wp-json\/wp\/v2\/types\/post"}],"author":[{"embeddable":true,"href":"https:\/\/4cantosalagoas.com.br\/portal\/wp-json\/wp\/v2\/users\/1"}],"replies":[{"embeddable":true,"href":"https:\/\/4cantosalagoas.com.br\/portal\/wp-json\/wp\/v2\/comments?post=5315"}],"version-history":[{"count":1,"href":"https:\/\/4cantosalagoas.com.br\/portal\/wp-json\/wp\/v2\/posts\/5315\/revisions"}],"predecessor-version":[{"id":5317,"href":"https:\/\/4cantosalagoas.com.br\/portal\/wp-json\/wp\/v2\/posts\/5315\/revisions\/5317"}],"wp:featuredmedia":[{"embeddable":true,"href":"https:\/\/4cantosalagoas.com.br\/portal\/wp-json\/wp\/v2\/media\/5316"}],"wp:attachment":[{"href":"https:\/\/4cantosalagoas.com.br\/portal\/wp-json\/wp\/v2\/media?parent=5315"}],"wp:term":[{"taxonomy":"category","embeddable":true,"href":"https:\/\/4cantosalagoas.com.br\/portal\/wp-json\/wp\/v2\/categories?post=5315"},{"taxonomy":"post_tag","embeddable":true,"href":"https:\/\/4cantosalagoas.com.br\/portal\/wp-json\/wp\/v2\/tags?post=5315"}],"curies":[{"name":"wp","href":"https:\/\/api.w.org\/{rel}","templated":true}]}}