{"id":5282,"date":"2018-10-22T08:57:45","date_gmt":"2018-10-22T11:57:45","guid":{"rendered":"http:\/\/4cantosalagoas.com.br\/portal\/?p=5282"},"modified":"2018-10-22T08:57:45","modified_gmt":"2018-10-22T11:57:45","slug":"maceio-rosa-dia-d-tera-programacao-no-centro-nesta-terca","status":"publish","type":"post","link":"https:\/\/4cantosalagoas.com.br\/portal\/maceio-rosa-dia-d-tera-programacao-no-centro-nesta-terca\/","title":{"rendered":"Macei\u00f3 Rosa: Dia D ter\u00e1 programa\u00e7\u00e3o no Centro nesta ter\u00e7a"},"content":{"rendered":"<figure id=\"attachment_5283\" aria-describedby=\"caption-attachment-5283\" style=\"width: 300px\" class=\"wp-caption alignleft\"><img fetchpriority=\"high\" decoding=\"async\" class=\"size-medium wp-image-5283\" src=\"http:\/\/4cantosalagoas.com.br\/portal\/wp-content\/uploads\/2018\/10\/prais-300x200.jpg\" alt=\"\" width=\"300\" height=\"200\" srcset=\"https:\/\/4cantosalagoas.com.br\/portal\/wp-content\/uploads\/2018\/10\/prais-300x200.jpg 300w, https:\/\/4cantosalagoas.com.br\/portal\/wp-content\/uploads\/2018\/10\/prais-768x512.jpg 768w, https:\/\/4cantosalagoas.com.br\/portal\/wp-content\/uploads\/2018\/10\/prais.jpg 1024w, https:\/\/4cantosalagoas.com.br\/portal\/wp-content\/uploads\/2018\/10\/prais-375x250.jpg 375w, https:\/\/4cantosalagoas.com.br\/portal\/wp-content\/uploads\/2018\/10\/prais-465x310.jpg 465w, https:\/\/4cantosalagoas.com.br\/portal\/wp-content\/uploads\/2018\/10\/prais-695x464.jpg 695w, https:\/\/4cantosalagoas.com.br\/portal\/wp-content\/uploads\/2018\/10\/prais-272x182.jpg 272w\" sizes=\"(max-width: 300px) 100vw, 300px\" \/><figcaption id=\"caption-attachment-5283\" class=\"wp-caption-text\">Tatiana Palmeira \u2013 Coordenadora do Macei\u00f3 Rosa. Foto: Pei Fon \/ Secom Macei\u00f3<\/figcaption><\/figure>\n<p>Nesta ter\u00e7a-feira (23), Dia D da Campanha Macei\u00f3 Rosa,\u00a0a Prefeitura convida a popula\u00e7\u00e3o para se vestir com pe\u00e7as com de rosa e refor\u00e7ar a mobiliza\u00e7\u00e3o para a preven\u00e7\u00e3o e combate ao c\u00e2ncer de mama.<\/p>\n<p>No\u00a0Dia D, ou Dia Rosa, como a mobiliza\u00e7\u00e3o ficou conhecida, v\u00e1rias atividades est\u00e3o previstas para acontecer no centro da cidade, a partir das 09 horas. A programa\u00e7\u00e3o vai contar com aula de zumba, apresenta\u00e7\u00f5es art\u00edsticas, corte e doa\u00e7\u00e3o de cabelo, venda de camisetas da campanha, aferi\u00e7\u00e3o de press\u00e3o e panfletagem.<\/p>\n<p>Tamb\u00e9m no Dia D haver\u00e1 uma a\u00e7\u00e3o para usu\u00e1rios do Restaurante Popular, a partir das 12h. Para Tatiana Palmeira, primeira-dama de Macei\u00f3 e coordenadora da campanha, alertar as maceioenses sobre o c\u00e2ncer de mama \u00e9 um dos meios mais efetivos para diminuir os casos da doen\u00e7a.<\/p>\n<p>\u201cInfelizmente, o c\u00e2ncer de mama ainda est\u00e1 entre as principais causas de morte de mulheres no Brasil. O que buscamos \u00e9 fazer com que elas entendam a necessidade de ter uma vida saud\u00e1vel, praticar esportes e realizar o autoexame para evitar novos casos da doen\u00e7a\u201d, ressaltou.<\/p>\n<p>\u201cEstamos com uma rica programa\u00e7\u00e3o durante todo este m\u00eas nas unidades de sa\u00fade do Munic\u00edpio, levando palestras, materiais informativos, orienta\u00e7\u00f5es sobre exame e autoexame de mama e encaminhamentos para exames de mamografia\u201d, acrescentou Tatiana Palmeira.<\/p>\n<p>Al\u00e9m da programa\u00e7\u00e3o nas unidades de sa\u00fade, o Macei\u00f3 Rosa ainda vai promover o Saia Arrochada, no pr\u00f3ximo dia 24, a Corrida Rosa, no dia 25, e o Forr\u00f3 de Vera, no dia 26.<\/p>\n<p><strong>Macei\u00f3 Rosa<\/strong><\/p>\n<p>O Macei\u00f3 Rosa 2018 foi lan\u00e7ado no dia 01 de outubro durante um caf\u00e9 da manh\u00e3 no Macei\u00f3 Shopping. Este ano, a campanha tem o tema \u201cCuidado feito \u00e0 m\u00e3o\u201d,\u00a0que remete\u00a0ao autoexame e o autocuidado preventivo que pode detectar n\u00f3dulos nas mamas. A iniciativa \u00e9 em parceria com a Rede Feminina de Combate ao C\u00e2ncer, o Grupo de Mama Renascer e a Casa Rosa.<\/p>\n<p>Leyvson Gomes \/ Secom Macei\u00f3<\/p>\n","protected":false},"excerpt":{"rendered":"<p>Nesta ter\u00e7a-feira (23), Dia D da Campanha Macei\u00f3 Rosa,\u00a0a Prefeitura convida a popula\u00e7\u00e3o para se vestir com<\/p>\n","protected":false},"author":1,"featured_media":5283,"comment_status":"open","ping_status":"open","sticky":false,"template":"","format":"standard","meta":{"footnotes":""},"categories":[60,5],"tags":[],"class_list":["post-5282","post","type-post","status-publish","format-standard","has-post-thumbnail","hentry","category-capa","category-maceio"],"_links":{"self":[{"href":"https:\/\/4cantosalagoas.com.br\/portal\/wp-json\/wp\/v2\/posts\/5282","targetHints":{"allow":["GET"]}}],"collection":[{"href":"https:\/\/4cantosalagoas.com.br\/portal\/wp-json\/wp\/v2\/posts"}],"about":[{"href":"https:\/\/4cantosalagoas.com.br\/portal\/wp-json\/wp\/v2\/types\/post"}],"author":[{"embeddable":true,"href":"https:\/\/4cantosalagoas.com.br\/portal\/wp-json\/wp\/v2\/users\/1"}],"replies":[{"embeddable":true,"href":"https:\/\/4cantosalagoas.com.br\/portal\/wp-json\/wp\/v2\/comments?post=5282"}],"version-history":[{"count":1,"href":"https:\/\/4cantosalagoas.com.br\/portal\/wp-json\/wp\/v2\/posts\/5282\/revisions"}],"predecessor-version":[{"id":5284,"href":"https:\/\/4cantosalagoas.com.br\/portal\/wp-json\/wp\/v2\/posts\/5282\/revisions\/5284"}],"wp:featuredmedia":[{"embeddable":true,"href":"https:\/\/4cantosalagoas.com.br\/portal\/wp-json\/wp\/v2\/media\/5283"}],"wp:attachment":[{"href":"https:\/\/4cantosalagoas.com.br\/portal\/wp-json\/wp\/v2\/media?parent=5282"}],"wp:term":[{"taxonomy":"category","embeddable":true,"href":"https:\/\/4cantosalagoas.com.br\/portal\/wp-json\/wp\/v2\/categories?post=5282"},{"taxonomy":"post_tag","embeddable":true,"href":"https:\/\/4cantosalagoas.com.br\/portal\/wp-json\/wp\/v2\/tags?post=5282"}],"curies":[{"name":"wp","href":"https:\/\/api.w.org\/{rel}","templated":true}]}}