{"id":5171,"date":"2018-10-06T07:24:51","date_gmt":"2018-10-06T10:24:51","guid":{"rendered":"http:\/\/4cantosalagoas.com.br\/portal\/?p=5171"},"modified":"2018-10-06T07:24:51","modified_gmt":"2018-10-06T10:24:51","slug":"fiscais-e-guarda-municipal-vao-atuar-durante-as-eleicoes","status":"publish","type":"post","link":"https:\/\/4cantosalagoas.com.br\/portal\/fiscais-e-guarda-municipal-vao-atuar-durante-as-eleicoes\/","title":{"rendered":"Fiscais e Guarda Municipal v\u00e3o atuar durante as elei\u00e7\u00f5es"},"content":{"rendered":"<figure id=\"attachment_5172\" aria-describedby=\"caption-attachment-5172\" style=\"width: 300px\" class=\"wp-caption alignleft\"><img fetchpriority=\"high\" decoding=\"async\" class=\"size-medium wp-image-5172\" src=\"http:\/\/4cantosalagoas.com.br\/portal\/wp-content\/uploads\/2018\/10\/5se4wa-300x175.jpg\" alt=\"\" width=\"300\" height=\"175\" srcset=\"https:\/\/4cantosalagoas.com.br\/portal\/wp-content\/uploads\/2018\/10\/5se4wa-300x175.jpg 300w, https:\/\/4cantosalagoas.com.br\/portal\/wp-content\/uploads\/2018\/10\/5se4wa-375x219.jpg 375w, https:\/\/4cantosalagoas.com.br\/portal\/wp-content\/uploads\/2018\/10\/5se4wa-460x270.jpg 460w, https:\/\/4cantosalagoas.com.br\/portal\/wp-content\/uploads\/2018\/10\/5se4wa-465x271.jpg 465w, https:\/\/4cantosalagoas.com.br\/portal\/wp-content\/uploads\/2018\/10\/5se4wa.jpg 600w\" sizes=\"(max-width: 300px) 100vw, 300px\" \/><figcaption id=\"caption-attachment-5172\" class=\"wp-caption-text\">Secret\u00e1rio Ivon Berto orienta sobre trabalho do \u00f3rg\u00e3o. &#8211; Ascom Semscs<\/figcaption><\/figure>\n<p>No pr\u00f3ximo domingo (7) ser\u00e3o realizadas as elei\u00e7\u00f5es 2018. Com a fun\u00e7\u00e3o de \u00f3rg\u00e3o fiscalizador, a Secretaria Municipal de Seguran\u00e7a Comunit\u00e1ria e Conv\u00edvio Social (Semscs) contar\u00e1 com o apoio de seus fiscais de posturas, que ficar\u00e3o dispon\u00edveis para atender \u00e0s demandas passadas pelo Tribunal Regional Eleitoral (TER\/AL), nos pontos de vota\u00e7\u00e3o em Macei\u00f3. Viaturas e agentes da Guarda Municipal tamb\u00e9m v\u00e3o refor\u00e7ar o patrulhamento durante as elei\u00e7\u00f5es.<\/p>\n<p>Os fiscais v\u00e3o estar concentrados na sede da secretaria, localizada no Jaragu\u00e1, e v\u00e3o trabalhar junto \u00e0 Guarda Municipal de Macei\u00f3. \u00a0O titular da Semscs, coronel Ivon Berto, falou como vai funcionar o trabalho: \u201cTeremos equipes que ficar\u00e3o na nossa secretaria, \u00e0 disposi\u00e7\u00e3o de qualquer den\u00fancia, principalmente \u00e0 disposi\u00e7\u00e3o do TRE. Acreditamos que v\u00e1 correr tudo na mais perfeita ordem, mas, havendo necessidade, a Semscs estar\u00e1 com sua equipe pronta para atuar em qualquer situa\u00e7\u00e3o relacionada ao conv\u00edvio social\u201d, assegurou.<\/p>\n<p>O secret\u00e1rio destaca que os col\u00e9gios eleitorais localizados em escolas p\u00fablicas municipais v\u00e3o ter o refor\u00e7o dos agentes da Guarda Municipal em rondas durante todo o per\u00edodo de vota\u00e7\u00e3o. \u201cEm caso de flagrante, os agentes v\u00e3o fazer a deten\u00e7\u00e3o e o encaminhamento para a delegacia local\u201c, alerta.<\/p>\n<p>Al\u00e9m disso, a secretaria orienta os eleitores que sigam as normas do c\u00f3digo de posturas. Principalmente no que diz respeito \u00e0 obstru\u00e7\u00e3o de passeio p\u00fablico nas imedia\u00e7\u00f5es dos locais de vota\u00e7\u00e3o, para que nenhum eleitor seja impedido ou encontre dificuldades de acessibilidade para exercer sua cidadania.<\/p>\n<div class=\"clearfix\"><\/div>\n<p>&nbsp;<\/p>\n<p>Fonte:\u00a0<strong>Ascom Semscs<\/strong><\/p>\n","protected":false},"excerpt":{"rendered":"<p>No pr\u00f3ximo domingo (7) ser\u00e3o realizadas as elei\u00e7\u00f5es 2018. Com a fun\u00e7\u00e3o de \u00f3rg\u00e3o fiscalizador, a Secretaria<\/p>\n","protected":false},"author":1,"featured_media":5172,"comment_status":"open","ping_status":"open","sticky":false,"template":"","format":"standard","meta":{"footnotes":""},"categories":[60],"tags":[],"class_list":["post-5171","post","type-post","status-publish","format-standard","has-post-thumbnail","hentry","category-capa"],"_links":{"self":[{"href":"https:\/\/4cantosalagoas.com.br\/portal\/wp-json\/wp\/v2\/posts\/5171","targetHints":{"allow":["GET"]}}],"collection":[{"href":"https:\/\/4cantosalagoas.com.br\/portal\/wp-json\/wp\/v2\/posts"}],"about":[{"href":"https:\/\/4cantosalagoas.com.br\/portal\/wp-json\/wp\/v2\/types\/post"}],"author":[{"embeddable":true,"href":"https:\/\/4cantosalagoas.com.br\/portal\/wp-json\/wp\/v2\/users\/1"}],"replies":[{"embeddable":true,"href":"https:\/\/4cantosalagoas.com.br\/portal\/wp-json\/wp\/v2\/comments?post=5171"}],"version-history":[{"count":1,"href":"https:\/\/4cantosalagoas.com.br\/portal\/wp-json\/wp\/v2\/posts\/5171\/revisions"}],"predecessor-version":[{"id":5173,"href":"https:\/\/4cantosalagoas.com.br\/portal\/wp-json\/wp\/v2\/posts\/5171\/revisions\/5173"}],"wp:featuredmedia":[{"embeddable":true,"href":"https:\/\/4cantosalagoas.com.br\/portal\/wp-json\/wp\/v2\/media\/5172"}],"wp:attachment":[{"href":"https:\/\/4cantosalagoas.com.br\/portal\/wp-json\/wp\/v2\/media?parent=5171"}],"wp:term":[{"taxonomy":"category","embeddable":true,"href":"https:\/\/4cantosalagoas.com.br\/portal\/wp-json\/wp\/v2\/categories?post=5171"},{"taxonomy":"post_tag","embeddable":true,"href":"https:\/\/4cantosalagoas.com.br\/portal\/wp-json\/wp\/v2\/tags?post=5171"}],"curies":[{"name":"wp","href":"https:\/\/api.w.org\/{rel}","templated":true}]}}