{"id":5118,"date":"2018-09-29T06:06:12","date_gmt":"2018-09-29T09:06:12","guid":{"rendered":"http:\/\/4cantosalagoas.com.br\/portal\/?p=5118"},"modified":"2018-09-29T06:06:12","modified_gmt":"2018-09-29T09:06:12","slug":"crb-x-csa-classico-altera-transito-no-trapiche-e-tem-reforco-na-frota-de-onibus","status":"publish","type":"post","link":"https:\/\/4cantosalagoas.com.br\/portal\/crb-x-csa-classico-altera-transito-no-trapiche-e-tem-reforco-na-frota-de-onibus\/","title":{"rendered":"CRB x CSA: cl\u00e1ssico altera tr\u00e2nsito no Trapiche e tem refor\u00e7o na frota de \u00f4nibus"},"content":{"rendered":"<figure id=\"attachment_5119\" aria-describedby=\"caption-attachment-5119\" style=\"width: 300px\" class=\"wp-caption alignleft\"><img fetchpriority=\"high\" decoding=\"async\" class=\"size-medium wp-image-5119\" src=\"http:\/\/4cantosalagoas.com.br\/portal\/wp-content\/uploads\/2018\/09\/abc14-300x200.jpg\" alt=\"\" width=\"300\" height=\"200\" srcset=\"https:\/\/4cantosalagoas.com.br\/portal\/wp-content\/uploads\/2018\/09\/abc14-300x200.jpg 300w, https:\/\/4cantosalagoas.com.br\/portal\/wp-content\/uploads\/2018\/09\/abc14-768x512.jpg 768w, https:\/\/4cantosalagoas.com.br\/portal\/wp-content\/uploads\/2018\/09\/abc14.jpg 1024w, https:\/\/4cantosalagoas.com.br\/portal\/wp-content\/uploads\/2018\/09\/abc14-375x250.jpg 375w, https:\/\/4cantosalagoas.com.br\/portal\/wp-content\/uploads\/2018\/09\/abc14-465x310.jpg 465w, https:\/\/4cantosalagoas.com.br\/portal\/wp-content\/uploads\/2018\/09\/abc14-695x464.jpg 695w, https:\/\/4cantosalagoas.com.br\/portal\/wp-content\/uploads\/2018\/09\/abc14-272x182.jpg 272w\" sizes=\"(max-width: 300px) 100vw, 300px\" \/><figcaption id=\"caption-attachment-5119\" class=\"wp-caption-text\">Agentes da SMTT estar\u00e3o no local para ajudar na interdi\u00e7\u00e3o<\/figcaption><\/figure>\n<p>O primeiro ponto de interdi\u00e7\u00e3o ser\u00e1 na Avenida Siqueira Campos com a Rua Cabo Reis. O segundo tamb\u00e9m ser\u00e1 na Rua Cabo Reis, desta vez com a Rua Coronel Jos\u00e9 Francisco Vieira.<\/p>\n<p>J\u00e1 o terceiro ponto ser\u00e1 na intersec\u00e7\u00e3o da Avenida Siqueira Campos com a Rua Lagoa Hotel. O quarto ponto de interdi\u00e7\u00e3o ser\u00e1 na Rua Coronel Jos\u00e9 Francisco com a Lagoa Hotel.<\/p>\n<p>Haver\u00e1 tamb\u00e9m um desvio \u00e0 direita no primeiro cruzamento ap\u00f3s a Unidade de Pronto Atendimento (UPA) do Trapiche da Barra, em dire\u00e7\u00e3o ao Est\u00e1dio Rei Pel\u00e9.<\/p>\n<p><strong>Refor\u00e7o na frota de \u00f4nibus<\/strong><\/p>\n<p>Os torcedores que forem ao est\u00e1dio podem ficar tranquilos quanto ao transporte coletivo usado para deslocamento at\u00e9 o Est\u00e1dio. Os \u00f4nibus que fazem o trajeto at\u00e9 o Centro tamb\u00e9m estender\u00e3o seu itiner\u00e1rio at\u00e9 o Trapiche.<\/p>\n<p>Os refor\u00e7os acontecer\u00e3o das 13h at\u00e9 \u00e0s 15h30, e depois da partida, das 17h \u00e0s 17h45. Confira abaixo as linhas que far\u00e3o este servi\u00e7o:<\/p>\n<p><img decoding=\"async\" class=\"aligncenter size-full wp-image-267458\" src=\"http:\/\/www.maceio.al.gov.br\/wp-content\/uploads\/2018\/09\/jpeg\/2018\/09\/OSD.jpeg\" sizes=\"(max-width: 620px) 100vw, 620px\" srcset=\"http:\/\/www.maceio.al.gov.br\/wp-content\/uploads\/2018\/09\/jpeg\/2018\/09\/OSD.jpeg 620w, http:\/\/www.maceio.al.gov.br\/wp-content\/uploads\/2018\/09\/jpeg\/2018\/09\/OSD-125x150.jpeg 125w, http:\/\/www.maceio.al.gov.br\/wp-content\/uploads\/2018\/09\/jpeg\/2018\/09\/OSD-250x300.jpeg 250w\" alt=\"osd\" width=\"620\" height=\"743\" \/><\/p>\n<p>Ascom SMTT<\/p>\n","protected":false},"excerpt":{"rendered":"<p>O primeiro ponto de interdi\u00e7\u00e3o ser\u00e1 na Avenida Siqueira Campos com a Rua Cabo Reis. O segundo<\/p>\n","protected":false},"author":1,"featured_media":5119,"comment_status":"open","ping_status":"open","sticky":false,"template":"","format":"standard","meta":{"footnotes":""},"categories":[60],"tags":[],"class_list":["post-5118","post","type-post","status-publish","format-standard","has-post-thumbnail","hentry","category-capa"],"_links":{"self":[{"href":"https:\/\/4cantosalagoas.com.br\/portal\/wp-json\/wp\/v2\/posts\/5118","targetHints":{"allow":["GET"]}}],"collection":[{"href":"https:\/\/4cantosalagoas.com.br\/portal\/wp-json\/wp\/v2\/posts"}],"about":[{"href":"https:\/\/4cantosalagoas.com.br\/portal\/wp-json\/wp\/v2\/types\/post"}],"author":[{"embeddable":true,"href":"https:\/\/4cantosalagoas.com.br\/portal\/wp-json\/wp\/v2\/users\/1"}],"replies":[{"embeddable":true,"href":"https:\/\/4cantosalagoas.com.br\/portal\/wp-json\/wp\/v2\/comments?post=5118"}],"version-history":[{"count":1,"href":"https:\/\/4cantosalagoas.com.br\/portal\/wp-json\/wp\/v2\/posts\/5118\/revisions"}],"predecessor-version":[{"id":5120,"href":"https:\/\/4cantosalagoas.com.br\/portal\/wp-json\/wp\/v2\/posts\/5118\/revisions\/5120"}],"wp:featuredmedia":[{"embeddable":true,"href":"https:\/\/4cantosalagoas.com.br\/portal\/wp-json\/wp\/v2\/media\/5119"}],"wp:attachment":[{"href":"https:\/\/4cantosalagoas.com.br\/portal\/wp-json\/wp\/v2\/media?parent=5118"}],"wp:term":[{"taxonomy":"category","embeddable":true,"href":"https:\/\/4cantosalagoas.com.br\/portal\/wp-json\/wp\/v2\/categories?post=5118"},{"taxonomy":"post_tag","embeddable":true,"href":"https:\/\/4cantosalagoas.com.br\/portal\/wp-json\/wp\/v2\/tags?post=5118"}],"curies":[{"name":"wp","href":"https:\/\/api.w.org\/{rel}","templated":true}]}}