{"id":5115,"date":"2018-09-29T06:02:53","date_gmt":"2018-09-29T09:02:53","guid":{"rendered":"http:\/\/4cantosalagoas.com.br\/portal\/?p=5115"},"modified":"2018-09-29T06:02:53","modified_gmt":"2018-09-29T09:02:53","slug":"confira-as-interdicoes-de-transito-para-o-final-de-semana","status":"publish","type":"post","link":"https:\/\/4cantosalagoas.com.br\/portal\/confira-as-interdicoes-de-transito-para-o-final-de-semana\/","title":{"rendered":"Confira as interdi\u00e7\u00f5es de tr\u00e2nsito para o final de semana"},"content":{"rendered":"<figure id=\"attachment_5116\" aria-describedby=\"caption-attachment-5116\" style=\"width: 300px\" class=\"wp-caption alignleft\"><img fetchpriority=\"high\" decoding=\"async\" class=\"size-medium wp-image-5116\" src=\"http:\/\/4cantosalagoas.com.br\/portal\/wp-content\/uploads\/2018\/09\/sedre5s-300x200.jpg\" alt=\"\" width=\"300\" height=\"200\" srcset=\"https:\/\/4cantosalagoas.com.br\/portal\/wp-content\/uploads\/2018\/09\/sedre5s-300x200.jpg 300w, https:\/\/4cantosalagoas.com.br\/portal\/wp-content\/uploads\/2018\/09\/sedre5s-768x512.jpg 768w, https:\/\/4cantosalagoas.com.br\/portal\/wp-content\/uploads\/2018\/09\/sedre5s.jpg 1024w, https:\/\/4cantosalagoas.com.br\/portal\/wp-content\/uploads\/2018\/09\/sedre5s-375x250.jpg 375w, https:\/\/4cantosalagoas.com.br\/portal\/wp-content\/uploads\/2018\/09\/sedre5s-465x310.jpg 465w, https:\/\/4cantosalagoas.com.br\/portal\/wp-content\/uploads\/2018\/09\/sedre5s-695x464.jpg 695w, https:\/\/4cantosalagoas.com.br\/portal\/wp-content\/uploads\/2018\/09\/sedre5s-272x182.jpg 272w\" sizes=\"(max-width: 300px) 100vw, 300px\" \/><figcaption id=\"caption-attachment-5116\" class=\"wp-caption-text\">Agentes da SMTT dar\u00e3o apoio \u00e0s interdi\u00e7\u00f5es no final de semana. Foto: Pei Fon\/ Secom Macei\u00f3<\/figcaption><\/figure>\n<p>Para a realiza\u00e7\u00e3o de eventos e obras, equipes da Superintend\u00eancia Municipal de Transportes e Tr\u00e2nsito (SMTT) realizar\u00e3o interdi\u00e7\u00f5es em vias da capital neste final de semana.<\/p>\n<p>No s\u00e1bado (29), o evento Legend Uphill Ultra Marathon 70 km acontecer\u00e1 na Avenida Norma Pimentel, no bairro Benedito Bentes. A concentra\u00e7\u00e3o e largada ser\u00e1 \u00e0s 6h em frente ao Col\u00e9gio Fant\u00e1stico, seguindo em dire\u00e7\u00e3o \u00e0 Usina Cachoeira do Meirim, para continuar pela Avenida Norma Pimentel, Rua Cainha e Avenida Benedito Bentes, at\u00e9 encontrar a Avenida Cachoeira do Meirim, pr\u00f3ximo ao G Barbosa para completar o seu percurso.<\/p>\n<p>Ainda no s\u00e1bado, a partir das 8h, a Rua Industrial Luiz Calheiros J\u00fanior, no Farol, ser\u00e1 interditada nos dois sentidos para a substitui\u00e7\u00e3o das centrais de ar condicionado e v\u00e1cuo de um hospital da regi\u00e3o. Uma equipe de gentes de tr\u00e2nsito estar\u00e1 presente at\u00e9 a normaliza\u00e7\u00e3o do fluxo de ve\u00edculos.<\/p>\n<p><strong>Domingo<br \/>\n<\/strong><br \/>\nO domingo contar\u00e1 com a realiza\u00e7\u00e3o da Caminhada do Cora\u00e7\u00e3o, na Pra\u00e7a Gog\u00f3 da Ema, no bairro Ponta Verde. A interdi\u00e7\u00e3o ter\u00e1 in\u00edcio \u00e0s 7h, na Avenida Silvio Carlos Luna Viana, pr\u00f3ximo ao Alagoinhas. A partir deste ponto, os participantes seguir\u00e3o at\u00e9 a barraca sete coqueiros, para ent\u00e3o retornar at\u00e9 o ponto de partida, finalizando assim a caminhada.<\/p>\n<p>\u00c0s 16h30, ser\u00e1 feita uma interdi\u00e7\u00e3o no bairro do Farol para a prociss\u00e3o da Igreja Santa Teresinha de Lisieux. A caminhada ter\u00e1 in\u00edcio na Rua Capit\u00e3o Samuel Lins\u00a0seguindo pelas Ruas Humait\u00e1, C\u00f4nego Machado, \u00cdris Alagoense e Gon\u00e7alves Dias, at\u00e9 a Avenida Moreira e Silva. Logo ap\u00f3s, a prociss\u00e3o ser\u00e1 direcionada para a Rua Santa cruz, retornando para a Rua C\u00f4nego Machado e finalizando no local de partida.<\/p>\n<p>Ainda no domingo (30), a Avenida Siqueira Campos, no Trapiche da Barra, ser\u00e1 interditada para a execu\u00e7\u00e3o do Congresso Estadual de Mulheres da Igreja do Evangelho Quadrangular. O evento ter\u00e1 in\u00edcio \u00e0s 8h, no Gin\u00e1sio do Sesi, onde os agentes da SMTT estar\u00e3o presentes para garantir a seguran\u00e7a vi\u00e1ria e auxiliar na travessia de pedestres da regi\u00e3o.<\/p>\n<p><strong>Segunda-feira\u00a0<\/strong><\/p>\n<p>Na segunda-feira (01), na\u00a0Pra\u00e7a do Conjunto Jos\u00e9 Ten\u00f3rio, a partir das 19h, ser\u00e1 feita uma prociss\u00e3o em comemora\u00e7\u00e3o \u00e0 festa da Padroeira de Santa Terezinha do Menino Jesus de Praga. Os fi\u00e9is caminhar\u00e3o pela Rua F, seguindo pela Avenida Get\u00falio Vargas at\u00e9 o Condom\u00ednio Teot\u00f4nio Vilela, para assim retornar pela Rua Ariosvaldo Cintra at\u00e9 chegar \u00e0 Igreja Jos\u00e9 Ten\u00f3rio, finalizando assim a prociss\u00e3o.<\/p>\n<p>Ascom SMTT<\/p>\n","protected":false},"excerpt":{"rendered":"<p>Para a realiza\u00e7\u00e3o de eventos e obras, equipes da Superintend\u00eancia Municipal de Transportes e Tr\u00e2nsito (SMTT) realizar\u00e3o<\/p>\n","protected":false},"author":1,"featured_media":5116,"comment_status":"open","ping_status":"open","sticky":false,"template":"","format":"standard","meta":{"footnotes":""},"categories":[60,5],"tags":[],"class_list":["post-5115","post","type-post","status-publish","format-standard","has-post-thumbnail","hentry","category-capa","category-maceio"],"_links":{"self":[{"href":"https:\/\/4cantosalagoas.com.br\/portal\/wp-json\/wp\/v2\/posts\/5115","targetHints":{"allow":["GET"]}}],"collection":[{"href":"https:\/\/4cantosalagoas.com.br\/portal\/wp-json\/wp\/v2\/posts"}],"about":[{"href":"https:\/\/4cantosalagoas.com.br\/portal\/wp-json\/wp\/v2\/types\/post"}],"author":[{"embeddable":true,"href":"https:\/\/4cantosalagoas.com.br\/portal\/wp-json\/wp\/v2\/users\/1"}],"replies":[{"embeddable":true,"href":"https:\/\/4cantosalagoas.com.br\/portal\/wp-json\/wp\/v2\/comments?post=5115"}],"version-history":[{"count":1,"href":"https:\/\/4cantosalagoas.com.br\/portal\/wp-json\/wp\/v2\/posts\/5115\/revisions"}],"predecessor-version":[{"id":5117,"href":"https:\/\/4cantosalagoas.com.br\/portal\/wp-json\/wp\/v2\/posts\/5115\/revisions\/5117"}],"wp:featuredmedia":[{"embeddable":true,"href":"https:\/\/4cantosalagoas.com.br\/portal\/wp-json\/wp\/v2\/media\/5116"}],"wp:attachment":[{"href":"https:\/\/4cantosalagoas.com.br\/portal\/wp-json\/wp\/v2\/media?parent=5115"}],"wp:term":[{"taxonomy":"category","embeddable":true,"href":"https:\/\/4cantosalagoas.com.br\/portal\/wp-json\/wp\/v2\/categories?post=5115"},{"taxonomy":"post_tag","embeddable":true,"href":"https:\/\/4cantosalagoas.com.br\/portal\/wp-json\/wp\/v2\/tags?post=5115"}],"curies":[{"name":"wp","href":"https:\/\/api.w.org\/{rel}","templated":true}]}}