{"id":4920,"date":"2018-09-11T06:56:32","date_gmt":"2018-09-11T09:56:32","guid":{"rendered":"http:\/\/4cantosalagoas.com.br\/portal\/?p=4920"},"modified":"2018-09-11T06:56:32","modified_gmt":"2018-09-11T09:56:32","slug":"procon-maceio-divulga-pesquisa-de-preco-de-medicamentos","status":"publish","type":"post","link":"https:\/\/4cantosalagoas.com.br\/portal\/procon-maceio-divulga-pesquisa-de-preco-de-medicamentos\/","title":{"rendered":"Procon Macei\u00f3 divulga pesquisa de pre\u00e7o de medicamentos"},"content":{"rendered":"<figure id=\"attachment_4921\" aria-describedby=\"caption-attachment-4921\" style=\"width: 265px\" class=\"wp-caption alignleft\"><img fetchpriority=\"high\" decoding=\"async\" class=\"size-medium wp-image-4921\" src=\"http:\/\/4cantosalagoas.com.br\/portal\/wp-content\/uploads\/2018\/09\/fiscas-265x300.jpeg\" alt=\"\" width=\"265\" height=\"300\" srcset=\"https:\/\/4cantosalagoas.com.br\/portal\/wp-content\/uploads\/2018\/09\/fiscas-265x300.jpeg 265w, https:\/\/4cantosalagoas.com.br\/portal\/wp-content\/uploads\/2018\/09\/fiscas-768x869.jpeg 768w, https:\/\/4cantosalagoas.com.br\/portal\/wp-content\/uploads\/2018\/09\/fiscas-905x1024.jpeg 905w, https:\/\/4cantosalagoas.com.br\/portal\/wp-content\/uploads\/2018\/09\/fiscas-375x424.jpeg 375w, https:\/\/4cantosalagoas.com.br\/portal\/wp-content\/uploads\/2018\/09\/fiscas-465x526.jpeg 465w, https:\/\/4cantosalagoas.com.br\/portal\/wp-content\/uploads\/2018\/09\/fiscas-442x500.jpeg 442w, https:\/\/4cantosalagoas.com.br\/portal\/wp-content\/uploads\/2018\/09\/fiscas.jpeg 960w\" sizes=\"(max-width: 265px) 100vw, 265px\" \/><figcaption id=\"caption-attachment-4921\" class=\"wp-caption-text\">Fiscais do Procon Macei\u00f3 durante pesquisa de pre\u00e7os de medicamentos. Foto: Secom Macei\u00f3<\/figcaption><\/figure>\n<p>O Procon Macei\u00f3 realizou uma pesquisa de pre\u00e7os de medicamentos referente ao segundo semestre. Nesta sondagem, al\u00e9m das medica\u00e7\u00f5es j\u00e1 pesquisadas para o tratamento da diabetes, hipertens\u00e3o e de problemas card\u00edacos, tamb\u00e9m foram pesquisados medicamentos para tratamento de Alzheimer e Parkinson. Ao todo, no \u00faltimo dia 03, os fiscais visitaram cinco farm\u00e1cias da capital.<\/p>\n<p>De acordo com o levantamento, os medicamentos para tratar a diabetes chegam a custar R$ 188,10, insulinas custam at\u00e9 R$ 245,17 e medica\u00e7\u00f5es para doen\u00e7as card\u00edacas podem ser encontradas por at\u00e9 R$ 68,05. Em rela\u00e7\u00e3o \u00e0s medica\u00e7\u00f5es para doen\u00e7as de Alzheimer e Parkinson, os pre\u00e7os podem chegar a R$202,41.<\/p>\n<p>\u201cCaso o consumidor queira economizar, \u00e9 preciso optar por marcas de rem\u00e9dios diferentes ou escolher a farm\u00e1cia que tem o pre\u00e7o mais atrativo\u201d, orienta o diretor-presidente do Procon Macei\u00f3, Leandro Almeida.<\/p>\n<p>A Coordena\u00e7\u00e3o de Pesquisa do Procon Macei\u00f3 ressalta que alguns desses medicamentos s\u00e3o fornecidos gratuitamente no Sistema \u00danico de Sa\u00fade (SUS), basta realizar o cadastro no Portal Sa\u00fade do Cidad\u00e3o, emitir a carteirinha e se dirigir at\u00e9 a unidade de sa\u00fade mais pr\u00f3xima com documento de identidade, receita m\u00e9dica e o Cart\u00e3o Nacional de Sa\u00fade, emitido no site. Os rem\u00e9dios s\u00f3 podem ser retirados pelo usu\u00e1rio ou respons\u00e1vel legal com a apresenta\u00e7\u00e3o de documento de identidade.<\/p>\n<p>Caso o consumidor perceba valores incompat\u00edveis entre o apresentado na prateleira e no caixa, n\u00e3o havendo resolu\u00e7\u00e3o com o estabelecimento, pode entrar em contato com o Procon Macei\u00f3 por meio dos n\u00fameros 0800 082 4567 ou 98882-8326.<\/p>\n<p>Confira o resultado da\u00a0<a href=\"http:\/\/www.maceio.al.gov.br\/wp-content\/uploads\/2018\/09\/xlsx\/2018\/09\/1-PESQUISA-OFICIAL-2%C2%BA-SEMESTRE.xlsx\">pesquisa<\/a>.<\/p>\n<p>Marcondes Leite (estagi\u00e1rio)\/Secom Macei\u00f3<\/p>\n","protected":false},"excerpt":{"rendered":"<p>O Procon Macei\u00f3 realizou uma pesquisa de pre\u00e7os de medicamentos referente ao segundo semestre. Nesta sondagem, al\u00e9m<\/p>\n","protected":false},"author":1,"featured_media":4921,"comment_status":"open","ping_status":"open","sticky":false,"template":"","format":"standard","meta":{"footnotes":""},"categories":[60],"tags":[],"class_list":["post-4920","post","type-post","status-publish","format-standard","has-post-thumbnail","hentry","category-capa"],"_links":{"self":[{"href":"https:\/\/4cantosalagoas.com.br\/portal\/wp-json\/wp\/v2\/posts\/4920","targetHints":{"allow":["GET"]}}],"collection":[{"href":"https:\/\/4cantosalagoas.com.br\/portal\/wp-json\/wp\/v2\/posts"}],"about":[{"href":"https:\/\/4cantosalagoas.com.br\/portal\/wp-json\/wp\/v2\/types\/post"}],"author":[{"embeddable":true,"href":"https:\/\/4cantosalagoas.com.br\/portal\/wp-json\/wp\/v2\/users\/1"}],"replies":[{"embeddable":true,"href":"https:\/\/4cantosalagoas.com.br\/portal\/wp-json\/wp\/v2\/comments?post=4920"}],"version-history":[{"count":1,"href":"https:\/\/4cantosalagoas.com.br\/portal\/wp-json\/wp\/v2\/posts\/4920\/revisions"}],"predecessor-version":[{"id":4922,"href":"https:\/\/4cantosalagoas.com.br\/portal\/wp-json\/wp\/v2\/posts\/4920\/revisions\/4922"}],"wp:featuredmedia":[{"embeddable":true,"href":"https:\/\/4cantosalagoas.com.br\/portal\/wp-json\/wp\/v2\/media\/4921"}],"wp:attachment":[{"href":"https:\/\/4cantosalagoas.com.br\/portal\/wp-json\/wp\/v2\/media?parent=4920"}],"wp:term":[{"taxonomy":"category","embeddable":true,"href":"https:\/\/4cantosalagoas.com.br\/portal\/wp-json\/wp\/v2\/categories?post=4920"},{"taxonomy":"post_tag","embeddable":true,"href":"https:\/\/4cantosalagoas.com.br\/portal\/wp-json\/wp\/v2\/tags?post=4920"}],"curies":[{"name":"wp","href":"https:\/\/api.w.org\/{rel}","templated":true}]}}