{"id":4848,"date":"2018-09-04T06:41:32","date_gmt":"2018-09-04T09:41:32","guid":{"rendered":"http:\/\/4cantosalagoas.com.br\/portal\/?p=4848"},"modified":"2018-09-04T07:44:03","modified_gmt":"2018-09-04T10:44:03","slug":"maceio-supera-meta-estabelecida-pelo-ideb-na-prova-brasil","status":"publish","type":"post","link":"https:\/\/4cantosalagoas.com.br\/portal\/maceio-supera-meta-estabelecida-pelo-ideb-na-prova-brasil\/","title":{"rendered":"Macei\u00f3 supera meta estabelecida pelo Ideb na Prova Brasil"},"content":{"rendered":"<figure id=\"attachment_4849\" aria-describedby=\"caption-attachment-4849\" style=\"width: 300px\" class=\"wp-caption alignleft\"><img fetchpriority=\"high\" decoding=\"async\" class=\"size-medium wp-image-4849\" src=\"http:\/\/4cantosalagoas.com.br\/portal\/wp-content\/uploads\/2018\/09\/menishgdos-300x175.jpg\" alt=\"\" width=\"300\" height=\"175\" srcset=\"https:\/\/4cantosalagoas.com.br\/portal\/wp-content\/uploads\/2018\/09\/menishgdos-300x175.jpg 300w, https:\/\/4cantosalagoas.com.br\/portal\/wp-content\/uploads\/2018\/09\/menishgdos-375x219.jpg 375w, https:\/\/4cantosalagoas.com.br\/portal\/wp-content\/uploads\/2018\/09\/menishgdos-460x270.jpg 460w, https:\/\/4cantosalagoas.com.br\/portal\/wp-content\/uploads\/2018\/09\/menishgdos-465x271.jpg 465w, https:\/\/4cantosalagoas.com.br\/portal\/wp-content\/uploads\/2018\/09\/menishgdos.jpg 600w\" sizes=\"(max-width: 300px) 100vw, 300px\" \/><figcaption id=\"caption-attachment-4849\" class=\"wp-caption-text\">Alunos do CMEI Pompeu Sarmento. Foto: Marco Ant\u00f4nio\/ Secom Macei\u00f3<\/figcaption><\/figure>\n<p>O resultado do \u00cdndice de Desenvolvimento da Educa\u00e7\u00e3o B\u00e1sica (Ideb) avan\u00e7ou na Rede Municipal de Ensino. A nota de Macei\u00f3 na Prova Brasil saiu de 4.4 em 2015 para 5.0 em 2017 nos anos iniciais, superando a m\u00e9dia projetada para 2017 que era de 4.8. O dado aponta um crescimento de seis d\u00e9cimos em compara\u00e7\u00e3o ao Ideb de 2015.<\/p>\n<p>J\u00e1 nos anos finais, Macei\u00f3 alcan\u00e7ou a m\u00e9dia de 3.8 em 2017, crescendo 4 d\u00e9cimos em compara\u00e7\u00e3o a m\u00e9dia de 2015 que foi de 3.4. Em termos percentuais Macei\u00f3 teve um crescimento de 13,6% nos anos iniciais e 11,8% nos anos finais.<\/p>\n<p>Os n\u00fameros divulgados pelo Sistema de Avalia\u00e7\u00e3o da Educa\u00e7\u00e3o B\u00e1sica (Saeb) mostram outros \u00edndices educacionais positivos. A capital ficou\u00a0\u00e0 frente da cidade de Recife nos 5\u00ba anos em L\u00edngua Portuguesa e em Matem\u00e1tica. Em L\u00edngua Portuguesa Macei\u00f3 registrou m\u00e9dia de 204,37 e em Matem\u00e1tica, 211,05.<\/p>\n<p>\u201cTemos conseguido elevar o Ideb como reflexo do nosso empenho em melhorar a Educa\u00e7\u00e3o em Macei\u00f3. Com importantes investimentos na \u00e1rea colhemos bons frutos. Levar educa\u00e7\u00e3o de qualidade \u00e0s crian\u00e7as e adolescentes \u00e9 um dos nossos compromissos com os maceioenses. O momento \u00e9 de agradecer \u00e0 secret\u00e1ria Ana Dayse e toda equipe da Semed, aos parceiros, como o Pnud e o Instituto Ayrton Senna, e a cada servidor, aos professores, diretores e gestores escolares que\u00a0nos ajudaram a alcan\u00e7ar esta meta. Vamos continuar investindo em educa\u00e7\u00e3o para melhorar este \u00edndice cada vez mais\u201d, disse o prefeito Rui Palmeira.<\/p>\n<p>A Escola Municipal Elma Marques Curti, localizada no Benedito Bentes II, foi a unidade da rede que obteve a maior pontua\u00e7\u00e3o no Ideb com a m\u00e9dia de 6.9, seguida da Escola Monsenhor Ant\u00f4nio Assun\u00e7\u00e3o Ara\u00fajo com m\u00e9dia de 6.8. Em terceiro, a Escola C\u00edcero Due da Silva com uma m\u00e9dia de 6.4.<\/p>\n<p>Para a secret\u00e1ria municipal de Educa\u00e7\u00e3o, Ana Dayse Dorea, o resultado do avan\u00e7o descreve um trabalho que vem sendo feito h\u00e1 cinco anos com muito empenho e compromisso. \u201cForam v\u00e1rios investimentos para qualificar a Educa\u00e7\u00e3o do Munic\u00edpio e esse resultado nos deixa muito contentes. Tudo isso \u00e9\u00a0fruto de muito investimento na infraestrutura das escolas, nas reformas, nas manuten\u00e7\u00f5es e na constru\u00e7\u00e3o de novas creches. Mas o maior investimento que\u00a0 fizemos mesmo foi nas pessoas, com a forma\u00e7\u00e3o dos professores e dos gestores, que apontam para essa melhoria significativa \u201d, afirmou.<\/p>\n<p>A gestora recorda que Macei\u00f3 j\u00e1 foi uma das capitais que menos crescia no Ideb, hoje est\u00e1 entre os quatro melhores resultados das capitais do nordeste que mais avan\u00e7ou. \u201cIsso mostra que o trabalho tem tido o apoio do prefeito Rui Palmeira, que se comprometeu com a realiza\u00e7\u00e3o do concurso p\u00fablico e cumpriu. Ainda falta muito, mas estamos muito felizes com o avan\u00e7o. Temos uma tarefa muito longa pela frente para continuarmos avan\u00e7ando nos pr\u00f3ximos anos \u201d, destaca.<\/p>\n<div class=\"clearfix\"><\/div>\n<p>&nbsp;<\/p>\n<p>Fonte:\u00a0<strong>Assessoria<\/strong><\/p>\n","protected":false},"excerpt":{"rendered":"<p>O resultado do \u00cdndice de Desenvolvimento da Educa\u00e7\u00e3o B\u00e1sica (Ideb) avan\u00e7ou na Rede Municipal de Ensino. A<\/p>\n","protected":false},"author":1,"featured_media":4849,"comment_status":"open","ping_status":"open","sticky":false,"template":"","format":"standard","meta":{"footnotes":""},"categories":[60],"tags":[],"class_list":["post-4848","post","type-post","status-publish","format-standard","has-post-thumbnail","hentry","category-capa"],"_links":{"self":[{"href":"https:\/\/4cantosalagoas.com.br\/portal\/wp-json\/wp\/v2\/posts\/4848","targetHints":{"allow":["GET"]}}],"collection":[{"href":"https:\/\/4cantosalagoas.com.br\/portal\/wp-json\/wp\/v2\/posts"}],"about":[{"href":"https:\/\/4cantosalagoas.com.br\/portal\/wp-json\/wp\/v2\/types\/post"}],"author":[{"embeddable":true,"href":"https:\/\/4cantosalagoas.com.br\/portal\/wp-json\/wp\/v2\/users\/1"}],"replies":[{"embeddable":true,"href":"https:\/\/4cantosalagoas.com.br\/portal\/wp-json\/wp\/v2\/comments?post=4848"}],"version-history":[{"count":1,"href":"https:\/\/4cantosalagoas.com.br\/portal\/wp-json\/wp\/v2\/posts\/4848\/revisions"}],"predecessor-version":[{"id":4850,"href":"https:\/\/4cantosalagoas.com.br\/portal\/wp-json\/wp\/v2\/posts\/4848\/revisions\/4850"}],"wp:featuredmedia":[{"embeddable":true,"href":"https:\/\/4cantosalagoas.com.br\/portal\/wp-json\/wp\/v2\/media\/4849"}],"wp:attachment":[{"href":"https:\/\/4cantosalagoas.com.br\/portal\/wp-json\/wp\/v2\/media?parent=4848"}],"wp:term":[{"taxonomy":"category","embeddable":true,"href":"https:\/\/4cantosalagoas.com.br\/portal\/wp-json\/wp\/v2\/categories?post=4848"},{"taxonomy":"post_tag","embeddable":true,"href":"https:\/\/4cantosalagoas.com.br\/portal\/wp-json\/wp\/v2\/tags?post=4848"}],"curies":[{"name":"wp","href":"https:\/\/api.w.org\/{rel}","templated":true}]}}