{"id":4843,"date":"2018-09-04T07:28:10","date_gmt":"2018-09-04T10:28:10","guid":{"rendered":"http:\/\/4cantosalagoas.com.br\/portal\/?p=4843"},"modified":"2018-09-04T07:28:10","modified_gmt":"2018-09-04T10:28:10","slug":"homem-e-esfaqueado-pelo-proprio-irmao-durante-discussao","status":"publish","type":"post","link":"https:\/\/4cantosalagoas.com.br\/portal\/homem-e-esfaqueado-pelo-proprio-irmao-durante-discussao\/","title":{"rendered":"Homem \u00e9 esfaqueado pelo pr\u00f3prio irm\u00e3o durante discuss\u00e3o"},"content":{"rendered":"<figure id=\"attachment_4840\" aria-describedby=\"caption-attachment-4840\" style=\"width: 300px\" class=\"wp-caption alignleft\"><img fetchpriority=\"high\" decoding=\"async\" class=\"size-medium wp-image-4840\" src=\"http:\/\/4cantosalagoas.com.br\/portal\/wp-content\/uploads\/2018\/09\/esvafs-300x209.jpeg\" alt=\"\" width=\"300\" height=\"209\" srcset=\"https:\/\/4cantosalagoas.com.br\/portal\/wp-content\/uploads\/2018\/09\/esvafs-300x209.jpeg 300w, https:\/\/4cantosalagoas.com.br\/portal\/wp-content\/uploads\/2018\/09\/esvafs-375x261.jpeg 375w, https:\/\/4cantosalagoas.com.br\/portal\/wp-content\/uploads\/2018\/09\/esvafs-360x250.jpeg 360w, https:\/\/4cantosalagoas.com.br\/portal\/wp-content\/uploads\/2018\/09\/esvafs.jpeg 460w\" sizes=\"(max-width: 300px) 100vw, 300px\" \/><figcaption id=\"caption-attachment-4840\" class=\"wp-caption-text\">Homem \u00e9 esfaqueado pelo pr\u00f3prio irm\u00e3o durante discuss\u00e3o<br \/>Josival Menezes\/7Segundos<\/figcaption><\/figure>\n<p>Uma briga entre irm\u00e3os quase terminou em trag\u00e9dia e deixou uma pessoa ferida na noite desta segunda-feira (3), no bairro Z\u00e9lia Barbosa Rocha, em Arapiraca, no Agreste de Alagoas.<\/p>\n<p>Segundo informa\u00e7\u00f5es, a v\u00edtima, identificada como Emerson Ant\u00f4nio, chegava em sua resid\u00eancia quando durante confus\u00e3o teria sido golpeado v\u00e1rias vezes com uma faca pelo seu pr\u00f3prio irm\u00e3o, sendo atingido na regi\u00e3o do t\u00f3rax, perna e m\u00e3o.<\/p>\n<p>Mesmo ferido, Emerson teria conseguido fugir para pedir ajuda, enquanto o suspeito\u00a0se evadido do local, tomando destino desconhecido pelas autoridades.<\/p>\n<p>A Pol\u00edcia Militar e o Servi\u00e7o de Atendimento M\u00f3vel de Urg\u00eancia foram acionados para atender a ocorr\u00eancia e a v\u00edtima deve ser encaminhada para o Hospital de Emerg\u00eancia do Agreste.<\/p>\n<p>Fonte: 7segundos<\/p>\n","protected":false},"excerpt":{"rendered":"<p>Uma briga entre irm\u00e3os quase terminou em trag\u00e9dia e deixou uma pessoa ferida na noite desta segunda-feira<\/p>\n","protected":false},"author":1,"featured_media":4840,"comment_status":"open","ping_status":"open","sticky":false,"template":"","format":"standard","meta":{"footnotes":""},"categories":[60],"tags":[],"class_list":["post-4843","post","type-post","status-publish","format-standard","has-post-thumbnail","hentry","category-capa"],"_links":{"self":[{"href":"https:\/\/4cantosalagoas.com.br\/portal\/wp-json\/wp\/v2\/posts\/4843","targetHints":{"allow":["GET"]}}],"collection":[{"href":"https:\/\/4cantosalagoas.com.br\/portal\/wp-json\/wp\/v2\/posts"}],"about":[{"href":"https:\/\/4cantosalagoas.com.br\/portal\/wp-json\/wp\/v2\/types\/post"}],"author":[{"embeddable":true,"href":"https:\/\/4cantosalagoas.com.br\/portal\/wp-json\/wp\/v2\/users\/1"}],"replies":[{"embeddable":true,"href":"https:\/\/4cantosalagoas.com.br\/portal\/wp-json\/wp\/v2\/comments?post=4843"}],"version-history":[{"count":1,"href":"https:\/\/4cantosalagoas.com.br\/portal\/wp-json\/wp\/v2\/posts\/4843\/revisions"}],"predecessor-version":[{"id":4844,"href":"https:\/\/4cantosalagoas.com.br\/portal\/wp-json\/wp\/v2\/posts\/4843\/revisions\/4844"}],"wp:featuredmedia":[{"embeddable":true,"href":"https:\/\/4cantosalagoas.com.br\/portal\/wp-json\/wp\/v2\/media\/4840"}],"wp:attachment":[{"href":"https:\/\/4cantosalagoas.com.br\/portal\/wp-json\/wp\/v2\/media?parent=4843"}],"wp:term":[{"taxonomy":"category","embeddable":true,"href":"https:\/\/4cantosalagoas.com.br\/portal\/wp-json\/wp\/v2\/categories?post=4843"},{"taxonomy":"post_tag","embeddable":true,"href":"https:\/\/4cantosalagoas.com.br\/portal\/wp-json\/wp\/v2\/tags?post=4843"}],"curies":[{"name":"wp","href":"https:\/\/api.w.org\/{rel}","templated":true}]}}