{"id":4836,"date":"2018-09-03T15:53:10","date_gmt":"2018-09-03T18:53:10","guid":{"rendered":"http:\/\/4cantosalagoas.com.br\/portal\/?p=4836"},"modified":"2018-09-04T07:46:01","modified_gmt":"2018-09-04T10:46:01","slug":"procon-divulga-pesquisa-sobre-precos-da-cesta-basica","status":"publish","type":"post","link":"https:\/\/4cantosalagoas.com.br\/portal\/procon-divulga-pesquisa-sobre-precos-da-cesta-basica\/","title":{"rendered":"Procon divulga pesquisa sobre pre\u00e7os da cesta b\u00e1sica"},"content":{"rendered":"<figure id=\"attachment_4837\" aria-describedby=\"caption-attachment-4837\" style=\"width: 225px\" class=\"wp-caption alignleft\"><img fetchpriority=\"high\" decoding=\"async\" class=\"size-medium wp-image-4837\" src=\"http:\/\/4cantosalagoas.com.br\/portal\/wp-content\/uploads\/2018\/09\/bbobobobcn-225x300.jpeg\" alt=\"\" width=\"225\" height=\"300\" srcset=\"https:\/\/4cantosalagoas.com.br\/portal\/wp-content\/uploads\/2018\/09\/bbobobobcn-225x300.jpeg 225w, https:\/\/4cantosalagoas.com.br\/portal\/wp-content\/uploads\/2018\/09\/bbobobobcn-768x1024.jpeg 768w, https:\/\/4cantosalagoas.com.br\/portal\/wp-content\/uploads\/2018\/09\/bbobobobcn-375x500.jpeg 375w, https:\/\/4cantosalagoas.com.br\/portal\/wp-content\/uploads\/2018\/09\/bbobobobcn-413x550.jpeg 413w, https:\/\/4cantosalagoas.com.br\/portal\/wp-content\/uploads\/2018\/09\/bbobobobcn.jpeg 960w\" sizes=\"(max-width: 225px) 100vw, 225px\" \/><figcaption id=\"caption-attachment-4837\" class=\"wp-caption-text\">Assessoria<\/figcaption><\/figure>\n<p>Na \u00faltima semana de agosto, o Procon Macei\u00f3 come\u00e7ou a realizar uma pesquisa de pre\u00e7os dos itens que comp\u00f5em a cesta b\u00e1sica. Os dados ser\u00e3o divulgados mensalmente para servir de par\u00e2metro e orientar os consumidores durante as compras.<\/p>\n<p>Na compara\u00e7\u00e3o entre agosto e o primeiro semestre deste ano, \u00e9 poss\u00edvel constatar que o arroz, um dos produtos mais procurados, que fechou com m\u00e9dia de R$2,68 no primeiro semestre, agora est\u00e1 R$0,13 mais caro. No mesmo per\u00edodo, o caf\u00e9 aumentou R$ 0,69.<\/p>\n<p>Entre os itens pesquisados, a farinha de mandioca e o \u00f3leo de soja foram os que mais sofreram redu\u00e7\u00e3o m\u00e9dia de pre\u00e7os, de R$6,06 para R$ 4,84 e de R$6,2 para R$ 4,03, respectivamente. Por fim, a cesta b\u00e1sica completa, comercializada nos supermercados, apresentou um aumento de R$ 3,89, sendo vendida agora em m\u00e9dia a R$ 48,29.<\/p>\n<p>\u201c\u00c9 importante ressaltar que o consumidor sempre pesquise os pre\u00e7os dos produtos antes de realizar a compra, pois assim \u00e9 poss\u00edvel obter economia e evitar gastos excessivos que possam comprometer a renda mensal\u201d,\u00a0orienta o diretor-executivo do Procon Macei\u00f3, Leandro Almeida.<\/p>\n<p>\u201cCaso a pessoa perceba itens fora do prazo de validade ou com incompatibilidade entre o valor apresentado na prateleira e no caixa, n\u00e3o havendo resolu\u00e7\u00e3o com o supermercado, a dica \u00e9 procurar o Procon\u201d, acrescentou o diretor-executivo.<\/p>\n<p>Para mais informa\u00e7\u00f5es, o consumidor pode entrar em contato com o Procon Macei\u00f3 pelo telefone 0800 082 4567 ou Whatsapp 98882-8326. A sede do \u00f3rg\u00e3o fica localizada no pr\u00e9dio da Secretaria Municipal de Economia (Semec), na Rua Pedro Monteiro, n\u00ba 47, no Centro. O Procon tamb\u00e9m disponibiliza um n\u00facleo de atendimento no pr\u00e9dio do Cesmac, na Rua Iris Alagoense, 458, no Farol.<\/p>\n<p>Confira a lista com os produtos pesquisados\u00a0<a href=\"http:\/\/www.maceio.al.gov.br\/wp-content\/uploads\/2018\/09\/xlsx\/2018\/09\/PESQUISA-CB-AGOSTO-1.xlsx\">aqui<\/a>.<\/p>\n<p>Marcondes Leite (estagi\u00e1rio)\/ Secom Macei\u00f3<\/p>\n","protected":false},"excerpt":{"rendered":"<p>Na \u00faltima semana de agosto, o Procon Macei\u00f3 come\u00e7ou a realizar uma pesquisa de pre\u00e7os dos itens<\/p>\n","protected":false},"author":1,"featured_media":4837,"comment_status":"open","ping_status":"open","sticky":false,"template":"","format":"standard","meta":{"footnotes":""},"categories":[60],"tags":[],"class_list":["post-4836","post","type-post","status-publish","format-standard","has-post-thumbnail","hentry","category-capa"],"_links":{"self":[{"href":"https:\/\/4cantosalagoas.com.br\/portal\/wp-json\/wp\/v2\/posts\/4836","targetHints":{"allow":["GET"]}}],"collection":[{"href":"https:\/\/4cantosalagoas.com.br\/portal\/wp-json\/wp\/v2\/posts"}],"about":[{"href":"https:\/\/4cantosalagoas.com.br\/portal\/wp-json\/wp\/v2\/types\/post"}],"author":[{"embeddable":true,"href":"https:\/\/4cantosalagoas.com.br\/portal\/wp-json\/wp\/v2\/users\/1"}],"replies":[{"embeddable":true,"href":"https:\/\/4cantosalagoas.com.br\/portal\/wp-json\/wp\/v2\/comments?post=4836"}],"version-history":[{"count":1,"href":"https:\/\/4cantosalagoas.com.br\/portal\/wp-json\/wp\/v2\/posts\/4836\/revisions"}],"predecessor-version":[{"id":4838,"href":"https:\/\/4cantosalagoas.com.br\/portal\/wp-json\/wp\/v2\/posts\/4836\/revisions\/4838"}],"wp:featuredmedia":[{"embeddable":true,"href":"https:\/\/4cantosalagoas.com.br\/portal\/wp-json\/wp\/v2\/media\/4837"}],"wp:attachment":[{"href":"https:\/\/4cantosalagoas.com.br\/portal\/wp-json\/wp\/v2\/media?parent=4836"}],"wp:term":[{"taxonomy":"category","embeddable":true,"href":"https:\/\/4cantosalagoas.com.br\/portal\/wp-json\/wp\/v2\/categories?post=4836"},{"taxonomy":"post_tag","embeddable":true,"href":"https:\/\/4cantosalagoas.com.br\/portal\/wp-json\/wp\/v2\/tags?post=4836"}],"curies":[{"name":"wp","href":"https:\/\/api.w.org\/{rel}","templated":true}]}}