{"id":4804,"date":"2018-08-31T06:43:57","date_gmt":"2018-08-31T09:43:57","guid":{"rendered":"http:\/\/4cantosalagoas.com.br\/portal\/?p=4804"},"modified":"2018-08-31T09:49:57","modified_gmt":"2018-08-31T12:49:57","slug":"festival-promove-economia-criativa-e-empreendedorismo","status":"publish","type":"post","link":"https:\/\/4cantosalagoas.com.br\/portal\/festival-promove-economia-criativa-e-empreendedorismo\/","title":{"rendered":"Festival promove economia criativa e empreendedorismo"},"content":{"rendered":"<figure id=\"attachment_4805\" aria-describedby=\"caption-attachment-4805\" style=\"width: 300px\" class=\"wp-caption alignleft\"><img fetchpriority=\"high\" decoding=\"async\" class=\"size-medium wp-image-4805\" src=\"http:\/\/4cantosalagoas.com.br\/portal\/wp-content\/uploads\/2018\/08\/Divulga\u00e7\u00e3o-300x297.jpeg\" alt=\"\" width=\"300\" height=\"297\" srcset=\"https:\/\/4cantosalagoas.com.br\/portal\/wp-content\/uploads\/2018\/08\/Divulga\u00e7\u00e3o-300x297.jpeg 300w, https:\/\/4cantosalagoas.com.br\/portal\/wp-content\/uploads\/2018\/08\/Divulga\u00e7\u00e3o-150x150.jpeg 150w, https:\/\/4cantosalagoas.com.br\/portal\/wp-content\/uploads\/2018\/08\/Divulga\u00e7\u00e3o-768x759.jpeg 768w, https:\/\/4cantosalagoas.com.br\/portal\/wp-content\/uploads\/2018\/08\/Divulga\u00e7\u00e3o-1024x1013.jpeg 1024w, https:\/\/4cantosalagoas.com.br\/portal\/wp-content\/uploads\/2018\/08\/Divulga\u00e7\u00e3o-80x80.jpeg 80w, https:\/\/4cantosalagoas.com.br\/portal\/wp-content\/uploads\/2018\/08\/Divulga\u00e7\u00e3o-375x371.jpeg 375w, https:\/\/4cantosalagoas.com.br\/portal\/wp-content\/uploads\/2018\/08\/Divulga\u00e7\u00e3o-465x460.jpeg 465w, https:\/\/4cantosalagoas.com.br\/portal\/wp-content\/uploads\/2018\/08\/Divulga\u00e7\u00e3o-506x500.jpeg 506w, https:\/\/4cantosalagoas.com.br\/portal\/wp-content\/uploads\/2018\/08\/Divulga\u00e7\u00e3o-45x45.jpeg 45w, https:\/\/4cantosalagoas.com.br\/portal\/wp-content\/uploads\/2018\/08\/Divulga\u00e7\u00e3o.jpeg 1080w\" sizes=\"(max-width: 300px) 100vw, 300px\" \/><figcaption id=\"caption-attachment-4805\" class=\"wp-caption-text\">Divulga\u00e7\u00e3o<\/figcaption><\/figure>\n<p>O bairro hist\u00f3rico de Jaragu\u00e1 ficar\u00e1 movimentado no pr\u00f3ximo s\u00e1bado (1\u00ba), com a realiza\u00e7\u00e3o da primeira edi\u00e7\u00e3o do Festival Alagoas Criativa. O evento organizado pelas Redes Criativas em Alagoas, projeto\u00a0do Sebrae, ganhou\u00a0o apoio da Prefeitura de Macei\u00f3, e tem\u00a0o objetivo de ampliar o conhecimento sobre economia criativa e estimular a gera\u00e7\u00e3o de renda.<\/p>\n<p>As atividades ser\u00e3o realizadas simultaneamente em tr\u00eas locais do bairro, com a\u00e7\u00f5es gratuitas e palestras com inscri\u00e7\u00f5es a pre\u00e7os simb\u00f3licos. Os pain\u00e9is ser\u00e3o ofertados nos espa\u00e7os Di\u00e1logos, nos audit\u00f3rios do Museu da Arte e do Som de Alagoas (Misa) e do Instituto do Patrim\u00f4nio Hist\u00f3rico e Art\u00edstico Nacional (Iphan), entre 14h e 19h. Para esta programa\u00e7\u00e3o, os interessados devem fazer a inscri\u00e7\u00e3o no site\u00a0<a href=\"https:\/\/doity.com.br\/festival-alagoas-criativa\">https:\/\/doity.com.br\/festival-alagoas-criativa<\/a>, onde h\u00e1 detalhes sobre o Festival.<\/p>\n<p>J\u00e1 no espa\u00e7o Urban Hacking, na Pra\u00e7a Dois Le\u00f5es, a programa\u00e7\u00e3o \u00e9 aberta ao p\u00fablico, das 14 \u00e0s 21h, e vai contar com desfile de moda, feira gastron\u00f4mica, espa\u00e7o artesanato, palco art\u00edstico e outras atividades.<\/p>\n<p>\u201cTodos os colaboradores e parceiros acreditam na import\u00e2ncia de difundir e explorar as oportunidades da economia criativa, que \u00e9 a jun\u00e7\u00e3o de v\u00e1rios campos da economia que trabalham diretamente com a criatividade, como a moda, artesanato, design, m\u00fasica, teatro e a pr\u00f3pria tecnologia. No evento queremos trazer outros pontos importantes como a colabora\u00e7\u00e3o, ocupa\u00e7\u00e3o de espa\u00e7os urbanos, afroempreendedorismo e empreendedorismo feminino\u201d, explicou a arquiteta Giulia Fran\u00e7a, uma das organizadoras do\u00a0festival.<\/p>\n<p>Giulia explica ainda que a ampla programa\u00e7\u00e3o \u00e9 direcionada a quem j\u00e1 trabalha ou se interessa pelo tema. \u201cTeremos nos pain\u00e9is conversas mais informais com pessoas que t\u00eam experi\u00eancia em um determinado campo da economia criativa, justamente para compartilhar um pouco dessa experi\u00eancia. O evento foi pensado para quem j\u00e1 tem afinidade com a \u00e1rea ou quer conhecer outras experi\u00eancias bem sucedidas. Quem for ser\u00e1 muito bem recebido\u201d, disse Giulia.<\/p>\n<p>E para ajudar a disseminar o potencial da\u00a0economia criativa, a Prefeitura de Macei\u00f3 levar\u00e1 jovens inseridos na Plataforma dos Centros Urbanos (PCU) para participarem do evento. A PCU \u00e9 um projeto do Unicef desenvolvido juntamente com o Munic\u00edpio para promover os direitos das crian\u00e7as e dos adolescentes,\u00a0residentes em \u00e1reas de maior vulnerabilidade na capital. \u201cAchamos muito importante incluir esses jovens no festival, por isso criamos espa\u00e7os gratuitos para eles poderem participar dos pain\u00e9is e assim, de alguma forma, incentivar e auxiliar o potencial deles dentro da Economia Criativa como uma forma de catalisar uma poss\u00edvel melhora da qualidade de vida\u201d, destacou a organizadora.<\/p>\n<p><strong>Projeto<\/strong><\/p>\n<p>O Projeto Redes Criativas em Alagoas, criado pelo Sebrae Alagoas, visa aprimorar a gest\u00e3o de neg\u00f3cios entre os empreendedores da economia criativa nos segmentos das artes visuais, arquitetura, design, publicidade, comunica\u00e7\u00e3o e m\u00fasica. O trabalho incentiva a potencializa\u00e7\u00e3o dos pr\u00f3prios neg\u00f3cios e benef\u00edcios como acesso a informa\u00e7\u00f5es, capacita\u00e7\u00e3o e contatos de coopera\u00e7\u00e3o, tanto para executar trabalhos como para prospectar novas oportunidades de neg\u00f3cios.<\/p>\n<p>Por ser um evento colaborativo, o Festival Alagoas Criativa conta com as parcerias do Sebrae, que \u00e9 co-realizador do evento, Iphan, Misa, Senac, Feirinha Cool, Adriana Peclat, Eneide Vaz Filmes, Camila Marinho, Borboleta Costa, Brasil Original, Rosendo Fotografia, A Bendita Foto e Alagoas Cultural, entre outros.<\/p>\n<p>Secom Macei\u00f3<\/p>\n","protected":false},"excerpt":{"rendered":"<p>O bairro hist\u00f3rico de Jaragu\u00e1 ficar\u00e1 movimentado no pr\u00f3ximo s\u00e1bado (1\u00ba), com a realiza\u00e7\u00e3o da primeira edi\u00e7\u00e3o<\/p>\n","protected":false},"author":1,"featured_media":4805,"comment_status":"open","ping_status":"open","sticky":false,"template":"","format":"standard","meta":{"footnotes":""},"categories":[60],"tags":[],"class_list":["post-4804","post","type-post","status-publish","format-standard","has-post-thumbnail","hentry","category-capa"],"_links":{"self":[{"href":"https:\/\/4cantosalagoas.com.br\/portal\/wp-json\/wp\/v2\/posts\/4804","targetHints":{"allow":["GET"]}}],"collection":[{"href":"https:\/\/4cantosalagoas.com.br\/portal\/wp-json\/wp\/v2\/posts"}],"about":[{"href":"https:\/\/4cantosalagoas.com.br\/portal\/wp-json\/wp\/v2\/types\/post"}],"author":[{"embeddable":true,"href":"https:\/\/4cantosalagoas.com.br\/portal\/wp-json\/wp\/v2\/users\/1"}],"replies":[{"embeddable":true,"href":"https:\/\/4cantosalagoas.com.br\/portal\/wp-json\/wp\/v2\/comments?post=4804"}],"version-history":[{"count":2,"href":"https:\/\/4cantosalagoas.com.br\/portal\/wp-json\/wp\/v2\/posts\/4804\/revisions"}],"predecessor-version":[{"id":4811,"href":"https:\/\/4cantosalagoas.com.br\/portal\/wp-json\/wp\/v2\/posts\/4804\/revisions\/4811"}],"wp:featuredmedia":[{"embeddable":true,"href":"https:\/\/4cantosalagoas.com.br\/portal\/wp-json\/wp\/v2\/media\/4805"}],"wp:attachment":[{"href":"https:\/\/4cantosalagoas.com.br\/portal\/wp-json\/wp\/v2\/media?parent=4804"}],"wp:term":[{"taxonomy":"category","embeddable":true,"href":"https:\/\/4cantosalagoas.com.br\/portal\/wp-json\/wp\/v2\/categories?post=4804"},{"taxonomy":"post_tag","embeddable":true,"href":"https:\/\/4cantosalagoas.com.br\/portal\/wp-json\/wp\/v2\/tags?post=4804"}],"curies":[{"name":"wp","href":"https:\/\/api.w.org\/{rel}","templated":true}]}}