{"id":4793,"date":"2018-08-30T07:08:20","date_gmt":"2018-08-30T10:08:20","guid":{"rendered":"http:\/\/4cantosalagoas.com.br\/portal\/?p=4793"},"modified":"2018-08-30T07:08:20","modified_gmt":"2018-08-30T10:08:20","slug":"novos-abrigos-de-onibus-sao-instalados-em-maceio","status":"publish","type":"post","link":"https:\/\/4cantosalagoas.com.br\/portal\/novos-abrigos-de-onibus-sao-instalados-em-maceio\/","title":{"rendered":"Novos abrigos de \u00f4nibus s\u00e3o instalados em Macei\u00f3"},"content":{"rendered":"<figure id=\"attachment_4794\" aria-describedby=\"caption-attachment-4794\" style=\"width: 225px\" class=\"wp-caption alignleft\"><img fetchpriority=\"high\" decoding=\"async\" class=\"size-medium wp-image-4794\" src=\"http:\/\/4cantosalagoas.com.br\/portal\/wp-content\/uploads\/2018\/08\/abrigos-225x300.jpeg\" alt=\"\" width=\"225\" height=\"300\" srcset=\"https:\/\/4cantosalagoas.com.br\/portal\/wp-content\/uploads\/2018\/08\/abrigos-225x300.jpeg 225w, https:\/\/4cantosalagoas.com.br\/portal\/wp-content\/uploads\/2018\/08\/abrigos-768x1024.jpeg 768w, https:\/\/4cantosalagoas.com.br\/portal\/wp-content\/uploads\/2018\/08\/abrigos-375x500.jpeg 375w, https:\/\/4cantosalagoas.com.br\/portal\/wp-content\/uploads\/2018\/08\/abrigos-413x550.jpeg 413w, https:\/\/4cantosalagoas.com.br\/portal\/wp-content\/uploads\/2018\/08\/abrigos.jpeg 960w\" sizes=\"(max-width: 225px) 100vw, 225px\" \/><figcaption id=\"caption-attachment-4794\" class=\"wp-caption-text\">Abrigo foi instalado na Avenida Menino Marcelo<\/figcaption><\/figure>\n<p>Dando continuidade ao processo de requalifica\u00e7\u00e3o dos abrigos nos pontos de \u00f4nibus da cidade, a Prefeitura de Macei\u00f3, por meio da Superintend\u00eancia Municipal de Transportes e Tr\u00e2nsito (SMTT), em parceria com o setor privado, instalou, nesta quarta-feira (29), cinco novos equipamentos de pequeno porte em diversos bairros da capital.<\/p>\n<p>As novas estruturas, que v\u00e3o proporcionar mais conforto aos usu\u00e1rios do transporte coletivo de Macei\u00f3,\u00a0foram\u00a0implantadas na Avenida Menino Marcelo, no bairro do Tabuleiro do Martins, na Avenida Presidente Get\u00falio Vargas, na Serraria, e nas Avenidas Rotary e Dr. Abelardo Pontes Lima, ambas na Gruta de Lourdes.\u00a0Os espa\u00e7os possuem\u00a0quatro assentos e uma vaga exclusiva para pessoas com defici\u00eancia.<\/p>\n<div dir=\"auto\">O\u00a0titular da SMTT, Ant\u00f4nio Moura, destaca a import\u00e2ncia deste servi\u00e7o na capital. \u201cEstamos trabalhando e avan\u00e7ando no processo de instala\u00e7\u00e3o de novos abrigos de \u00f4nibus urbanos da cidade, para proporcionar\u00a0 mais conforto e seguran\u00e7a aos usu\u00e1rios do transporte coletivo de Macei\u00f3. E vale ressaltar que, ate o final de setembro, 50 novos abrigos de pequeno porte ser\u00e3o instalados por toda Macei\u00f3\u201d, frisou.<\/div>\n<div dir=\"auto\"><\/div>\n<div dir=\"auto\">O maceioense pode solicitar a implanta\u00e7\u00e3o ou manuten\u00e7\u00e3o de abrigos por meio da abertura de processo no setor de protocolo da Superintend\u00eancia, que est\u00e1 localizado na Avenida Durval de G\u00f3es Monteiro, no Tabuleiro do Martins. O hor\u00e1rio de atendimento \u00e0 popula\u00e7\u00e3o \u00e9 de segunda a sexta-feira, das 8h \u00e0s 14h.<\/div>\n<div dir=\"auto\">\n<p>A previs\u00e3o \u00e9 de que at\u00e9 o final do m\u00eas de setembro, 50 novos abrigos de pequeno porte sejam instalados pela equipe de Abrigos e Paradas da SMTT.<\/p>\n<\/div>\n<div dir=\"auto\">\u00a0Uadson Barros\/ Ascom SMTT<\/div>\n","protected":false},"excerpt":{"rendered":"<p>Dando continuidade ao processo de requalifica\u00e7\u00e3o dos abrigos nos pontos de \u00f4nibus da cidade, a Prefeitura de<\/p>\n","protected":false},"author":1,"featured_media":4794,"comment_status":"open","ping_status":"open","sticky":false,"template":"","format":"standard","meta":{"footnotes":""},"categories":[60],"tags":[],"class_list":["post-4793","post","type-post","status-publish","format-standard","has-post-thumbnail","hentry","category-capa"],"_links":{"self":[{"href":"https:\/\/4cantosalagoas.com.br\/portal\/wp-json\/wp\/v2\/posts\/4793","targetHints":{"allow":["GET"]}}],"collection":[{"href":"https:\/\/4cantosalagoas.com.br\/portal\/wp-json\/wp\/v2\/posts"}],"about":[{"href":"https:\/\/4cantosalagoas.com.br\/portal\/wp-json\/wp\/v2\/types\/post"}],"author":[{"embeddable":true,"href":"https:\/\/4cantosalagoas.com.br\/portal\/wp-json\/wp\/v2\/users\/1"}],"replies":[{"embeddable":true,"href":"https:\/\/4cantosalagoas.com.br\/portal\/wp-json\/wp\/v2\/comments?post=4793"}],"version-history":[{"count":1,"href":"https:\/\/4cantosalagoas.com.br\/portal\/wp-json\/wp\/v2\/posts\/4793\/revisions"}],"predecessor-version":[{"id":4795,"href":"https:\/\/4cantosalagoas.com.br\/portal\/wp-json\/wp\/v2\/posts\/4793\/revisions\/4795"}],"wp:featuredmedia":[{"embeddable":true,"href":"https:\/\/4cantosalagoas.com.br\/portal\/wp-json\/wp\/v2\/media\/4794"}],"wp:attachment":[{"href":"https:\/\/4cantosalagoas.com.br\/portal\/wp-json\/wp\/v2\/media?parent=4793"}],"wp:term":[{"taxonomy":"category","embeddable":true,"href":"https:\/\/4cantosalagoas.com.br\/portal\/wp-json\/wp\/v2\/categories?post=4793"},{"taxonomy":"post_tag","embeddable":true,"href":"https:\/\/4cantosalagoas.com.br\/portal\/wp-json\/wp\/v2\/tags?post=4793"}],"curies":[{"name":"wp","href":"https:\/\/api.w.org\/{rel}","templated":true}]}}