{"id":4761,"date":"2018-08-28T07:14:10","date_gmt":"2018-08-28T10:14:10","guid":{"rendered":"http:\/\/4cantosalagoas.com.br\/portal\/?p=4761"},"modified":"2018-08-28T07:14:10","modified_gmt":"2018-08-28T10:14:10","slug":"aposentados-comecam-a-receber-1a-parcela-do-decimo-terceiro","status":"publish","type":"post","link":"https:\/\/4cantosalagoas.com.br\/portal\/aposentados-comecam-a-receber-1a-parcela-do-decimo-terceiro\/","title":{"rendered":"Aposentados come\u00e7am a receber 1\u00aa parcela do d\u00e9cimo terceiro"},"content":{"rendered":"<figure id=\"attachment_4762\" aria-describedby=\"caption-attachment-4762\" style=\"width: 300px\" class=\"wp-caption alignleft\"><img fetchpriority=\"high\" decoding=\"async\" class=\"size-medium wp-image-4762\" src=\"http:\/\/4cantosalagoas.com.br\/portal\/wp-content\/uploads\/2018\/08\/didi-300x236.jpg\" alt=\"\" width=\"300\" height=\"236\" srcset=\"https:\/\/4cantosalagoas.com.br\/portal\/wp-content\/uploads\/2018\/08\/didi-300x236.jpg 300w, https:\/\/4cantosalagoas.com.br\/portal\/wp-content\/uploads\/2018\/08\/didi-375x295.jpg 375w, https:\/\/4cantosalagoas.com.br\/portal\/wp-content\/uploads\/2018\/08\/didi-465x366.jpg 465w, https:\/\/4cantosalagoas.com.br\/portal\/wp-content\/uploads\/2018\/08\/didi.jpg 624w\" sizes=\"(max-width: 300px) 100vw, 300px\" \/><figcaption id=\"caption-attachment-4762\" class=\"wp-caption-text\">Foto\/Gl\u00e9cio Rodrigues<\/figcaption><\/figure>\n<p>Aposentados e pensionistas come\u00e7am a receber\u00a0nesta\u00a0segunda-feira\u00a0(27) a antecipa\u00e7\u00e3o da primeira parcela do d\u00e9cimo terceiro. De acordo com a Secretaria de Previd\u00eancia, o dep\u00f3sito ser\u00e1 feito junto com a folha mensal de pagamentos do Instituto Nacional do Seguro Social (INSS) at\u00e9\u00a010 de setembro, conforme a\u00a0<a href=\"https:\/\/www.inss.gov.br\/wp-content\/uploads\/2017\/11\/Tabela-de-pagamento-2018-5.png\" target=\"_blank\" rel=\"noopener\">Tabela de Pagamentos de Benef\u00edcios 2018<\/a>.<\/p>\n<p>A estimativa \u00e9 de que essa antecipa\u00e7\u00e3o injete na economia do pa\u00eds R$ 20,7 bilh\u00f5es em agosto e setembro. Segundo o INSS, 29,7 milh\u00f5es de benefici\u00e1rios\u00a0ter\u00e3o direito a receber a primeira parcela do abono anual, que corresponde \u00e0 metade do valor do benef\u00edcio.<\/p>\n<p>A exce\u00e7\u00e3o \u00e9 para quem passou a receber o benef\u00edcio depois\u00a0de janeiro\u00a0de 2018. Nesse caso, o valor ser\u00e1 calculado proporcionalmente.<\/p>\n<p>N\u00e3o haver\u00e1 desconto de Imposto de Renda nesta primeira parcela. O tributo ser\u00e1 cobrado apenas em novembro e dezembro, quando for paga a\u00a0segunda\u00a0parcela.<\/p>\n<p>Tem direito ao d\u00e9cimo terceiro quem, durante o ano, recebeu benef\u00edcio previdenci\u00e1rio de aposentadoria, pens\u00e3o por morte, aux\u00edlio-doen\u00e7a, aux\u00edlio-acidente, aux\u00edlio-reclus\u00e3o ou sal\u00e1rio-maternidade.<\/p>\n<p>Aqueles que recebem benef\u00edcios assistenciais, como Presta\u00e7\u00e3o Continuada e Renda Mensal Vital\u00edcia, n\u00e3o t\u00eam direito ao abono anual.<\/p>\n<p>Desde 2006, o governo antecipa a primeira parcela do d\u00e9cimo terceiro dos aposentados e pensionistas na folha\u00a0de agosto.<\/p>\n<p>Somente em 2015, o pagamento foi adiado para setembro, por causa do ritmo fraco da economia e da queda da arrecada\u00e7\u00e3o.<\/p>\n<div class=\"clearfix\"><\/div>\n<p>&nbsp;<\/p>\n<p>Fonte:\u00a0<strong>Ag\u00eancia Brasil<\/strong><\/p>\n","protected":false},"excerpt":{"rendered":"<p>Aposentados e pensionistas come\u00e7am a receber\u00a0nesta\u00a0segunda-feira\u00a0(27) a antecipa\u00e7\u00e3o da primeira parcela do d\u00e9cimo terceiro. De acordo com<\/p>\n","protected":false},"author":1,"featured_media":4762,"comment_status":"open","ping_status":"open","sticky":false,"template":"","format":"standard","meta":{"footnotes":""},"categories":[60],"tags":[],"class_list":["post-4761","post","type-post","status-publish","format-standard","has-post-thumbnail","hentry","category-capa"],"_links":{"self":[{"href":"https:\/\/4cantosalagoas.com.br\/portal\/wp-json\/wp\/v2\/posts\/4761","targetHints":{"allow":["GET"]}}],"collection":[{"href":"https:\/\/4cantosalagoas.com.br\/portal\/wp-json\/wp\/v2\/posts"}],"about":[{"href":"https:\/\/4cantosalagoas.com.br\/portal\/wp-json\/wp\/v2\/types\/post"}],"author":[{"embeddable":true,"href":"https:\/\/4cantosalagoas.com.br\/portal\/wp-json\/wp\/v2\/users\/1"}],"replies":[{"embeddable":true,"href":"https:\/\/4cantosalagoas.com.br\/portal\/wp-json\/wp\/v2\/comments?post=4761"}],"version-history":[{"count":1,"href":"https:\/\/4cantosalagoas.com.br\/portal\/wp-json\/wp\/v2\/posts\/4761\/revisions"}],"predecessor-version":[{"id":4763,"href":"https:\/\/4cantosalagoas.com.br\/portal\/wp-json\/wp\/v2\/posts\/4761\/revisions\/4763"}],"wp:featuredmedia":[{"embeddable":true,"href":"https:\/\/4cantosalagoas.com.br\/portal\/wp-json\/wp\/v2\/media\/4762"}],"wp:attachment":[{"href":"https:\/\/4cantosalagoas.com.br\/portal\/wp-json\/wp\/v2\/media?parent=4761"}],"wp:term":[{"taxonomy":"category","embeddable":true,"href":"https:\/\/4cantosalagoas.com.br\/portal\/wp-json\/wp\/v2\/categories?post=4761"},{"taxonomy":"post_tag","embeddable":true,"href":"https:\/\/4cantosalagoas.com.br\/portal\/wp-json\/wp\/v2\/tags?post=4761"}],"curies":[{"name":"wp","href":"https:\/\/api.w.org\/{rel}","templated":true}]}}