{"id":4512,"date":"2018-08-10T06:29:14","date_gmt":"2018-08-10T09:29:14","guid":{"rendered":"http:\/\/4cantosalagoas.com.br\/portal\/?p=4512"},"modified":"2018-08-10T07:51:08","modified_gmt":"2018-08-10T10:51:08","slug":"smtt-mais-perto-de-voce-leva-melhorias-ao-santos-dumont","status":"publish","type":"post","link":"https:\/\/4cantosalagoas.com.br\/portal\/smtt-mais-perto-de-voce-leva-melhorias-ao-santos-dumont\/","title":{"rendered":"SMTT Mais Perto de Voc\u00ea leva melhorias ao Santos Dumont"},"content":{"rendered":"<figure id=\"attachment_4515\" aria-describedby=\"caption-attachment-4515\" style=\"width: 300px\" class=\"wp-caption alignleft\"><img fetchpriority=\"high\" decoding=\"async\" class=\"size-medium wp-image-4515\" src=\"http:\/\/4cantosalagoas.com.br\/portal\/wp-content\/uploads\/2018\/08\/medrsts-300x200.jpg\" alt=\"\" width=\"300\" height=\"200\" srcset=\"https:\/\/4cantosalagoas.com.br\/portal\/wp-content\/uploads\/2018\/08\/medrsts-300x200.jpg 300w, https:\/\/4cantosalagoas.com.br\/portal\/wp-content\/uploads\/2018\/08\/medrsts-768x512.jpg 768w, https:\/\/4cantosalagoas.com.br\/portal\/wp-content\/uploads\/2018\/08\/medrsts.jpg 1024w, https:\/\/4cantosalagoas.com.br\/portal\/wp-content\/uploads\/2018\/08\/medrsts-375x250.jpg 375w, https:\/\/4cantosalagoas.com.br\/portal\/wp-content\/uploads\/2018\/08\/medrsts-465x310.jpg 465w, https:\/\/4cantosalagoas.com.br\/portal\/wp-content\/uploads\/2018\/08\/medrsts-695x464.jpg 695w, https:\/\/4cantosalagoas.com.br\/portal\/wp-content\/uploads\/2018\/08\/medrsts-272x182.jpg 272w\" sizes=\"(max-width: 300px) 100vw, 300px\" \/><figcaption id=\"caption-attachment-4515\" class=\"wp-caption-text\">Assessoria<\/figcaption><\/figure>\n<p>A Prefeitura de Macei\u00f3, por meio da Superintend\u00eancia Municipal de Transportes e Tr\u00e2nsito (SMTT), segue trabalhando diariamente para proporcionar melhorias no tr\u00e2nsito\u00a0e avan\u00e7ar com a mobilidade urbana da capital. Pensando em criar mais seguran\u00e7a, fluidez no tr\u00e2nsito e comodidade aos condutores e pedestres da cidade, o \u00f3rg\u00e3o criou o projeto SMTT Mais Perto de Voc\u00ea.\u00a0O bairro do Santos Dumont, na parte alta da cidade, foi o primeiro local a receber as a\u00e7\u00f5es.<\/p>\n<p>Durante todo o m\u00eas de julho, equipes de Obras Vi\u00e1rias da SMTT estiveram na regi\u00e3o realizando melhorias em diversas ruas da comunidade. Ao todo, 258 faixas de sinaliza\u00e7\u00e3o foram implantadas e 16 faixas de pedestres foram pintadas.<\/p>\n<p>Na manh\u00e3 desta quinta-feira (09), a\u00a0Pra\u00e7a do Carimb\u00e3o foi o ponto de encontro para a entrega dos servi\u00e7os do SMTT Mais Perto de Voc\u00ea \u00e0 popula\u00e7\u00e3o. Entre as sinaliza\u00e7\u00f5es verticais instaladas no bairro est\u00e3o as placas de travessia de pedestres, de lombadas,\u00a0velocidade permitida na via, de pare e de parada de \u00f4nibus.<\/p>\n<div id=\"attachment_260587\" class=\"wp-caption alignnone\">\n<p><a class=\"colorbox cboxElement\" title=\"SMTT Mais Perto de Voc\u00ea leva melhorias ao Santos Dumont\" href=\"http:\/\/www.maceio.al.gov.br\/wp-content\/uploads\/2018\/08\/jpg\/2018\/08\/09082018-SMTT-Mais-perto-de-Voce-PF-0042.jpg\" rel=\"lightbox\"><img decoding=\"async\" class=\"size-large wp-image-260587\" src=\"http:\/\/www.maceio.al.gov.br\/wp-content\/uploads\/2018\/08\/jpg\/2018\/08\/09082018-SMTT-Mais-perto-de-Voce-PF-0042-1024x683.jpg\" sizes=\"(max-width: 1024px) 100vw, 1024px\" srcset=\"http:\/\/www.maceio.al.gov.br\/wp-content\/uploads\/2018\/08\/jpg\/2018\/08\/09082018-SMTT-Mais-perto-de-Voce-PF-0042-1024x683.jpg 1024w, http:\/\/www.maceio.al.gov.br\/wp-content\/uploads\/2018\/08\/jpg\/2018\/08\/09082018-SMTT-Mais-perto-de-Voce-PF-0042-150x100.jpg 150w, http:\/\/www.maceio.al.gov.br\/wp-content\/uploads\/2018\/08\/jpg\/2018\/08\/09082018-SMTT-Mais-perto-de-Voce-PF-0042-300x200.jpg 300w, http:\/\/www.maceio.al.gov.br\/wp-content\/uploads\/2018\/08\/jpg\/2018\/08\/09082018-SMTT-Mais-perto-de-Voce-PF-0042-768x512.jpg 768w, http:\/\/www.maceio.al.gov.br\/wp-content\/uploads\/2018\/08\/jpg\/2018\/08\/09082018-SMTT-Mais-perto-de-Voce-PF-0042-120x80.jpg 120w\" alt=\"SMTT promoveu melhorias no Santos Dumont. Foto: Pei Fon\/ Secom Macei\u00f3\" width=\"1024\" height=\"683\" \/><\/a><\/p>\n<p class=\"wp-caption-text\">SMTT promoveu melhorias no Santos Dumont. Foto: Pei Fon\/ Secom Macei\u00f3<\/p>\n<\/div>\n<p>\u201cO projeto SMTT Mais Perto de Voc\u00ea surgiu da ideia de beneficiar os maceioenses com a\u00e7\u00f5es de melhorias nas comunidades da capital. No bairro do Santos Dumont, o \u00f3rg\u00e3o chegou junto e conseguiu atingir o seu objetivo, que era minimizar os problemas relacionados ao tr\u00e2nsito que afetavam a regi\u00e3o. Estamos aqui hoje para comprovar essa melhoria e mudan\u00e7as no dia a dia dos moradores, e j\u00e1 estamos vendo a diferen\u00e7a.\u00a0Nossa inten\u00e7\u00e3o \u00e9 ampliar o projeto e levar mais atividades como esta a outros locais de Macei\u00f3\u201d, ressalta o superintendente da SMTT, Ant\u00f4nio Moura.<\/p>\n<div id=\"attachment_260595\" class=\"wp-caption alignnone\">\n<p><a class=\"colorbox cboxElement\" title=\"SMTT Mais Perto de Voc\u00ea leva melhorias ao Santos Dumont\" href=\"http:\/\/www.maceio.al.gov.br\/wp-content\/uploads\/2018\/08\/jpg\/2018\/08\/09082018-SMTT-Mais-perto-de-Voce-PF-0078.jpg\" rel=\"lightbox\"><img decoding=\"async\" class=\"size-large wp-image-260595\" src=\"http:\/\/www.maceio.al.gov.br\/wp-content\/uploads\/2018\/08\/jpg\/2018\/08\/09082018-SMTT-Mais-perto-de-Voce-PF-0078-1024x683.jpg\" sizes=\"(max-width: 1024px) 100vw, 1024px\" srcset=\"http:\/\/www.maceio.al.gov.br\/wp-content\/uploads\/2018\/08\/jpg\/2018\/08\/09082018-SMTT-Mais-perto-de-Voce-PF-0078-1024x683.jpg 1024w, http:\/\/www.maceio.al.gov.br\/wp-content\/uploads\/2018\/08\/jpg\/2018\/08\/09082018-SMTT-Mais-perto-de-Voce-PF-0078-150x100.jpg 150w, http:\/\/www.maceio.al.gov.br\/wp-content\/uploads\/2018\/08\/jpg\/2018\/08\/09082018-SMTT-Mais-perto-de-Voce-PF-0078-300x200.jpg 300w, http:\/\/www.maceio.al.gov.br\/wp-content\/uploads\/2018\/08\/jpg\/2018\/08\/09082018-SMTT-Mais-perto-de-Voce-PF-0078-768x512.jpg 768w, http:\/\/www.maceio.al.gov.br\/wp-content\/uploads\/2018\/08\/jpg\/2018\/08\/09082018-SMTT-Mais-perto-de-Voce-PF-0078-120x80.jpg 120w\" alt=\"Equipe da SMTT durante atividade no Santos Dumont. Foto: Pei Fon\/ Secom Macei\u00f3\" width=\"1024\" height=\"683\" \/><\/a><\/p>\n<p class=\"wp-caption-text\">Equipe da SMTT durante atividade no Santos Dumont.\u00a0Foto: Pei Fon\/ Secom Macei\u00f3<\/p>\n<\/div>\n<p>Dona Madalena Costa\u00a0\u00e9 uma das moradoras do Santos Dumont\u00a0e diz estar muito satisfeita com as mudan\u00e7as realizadas no bairro. \u201cTinha muito risco de acidentes porque os motoristas e pedestres n\u00e3o respeitavam a sinaliza\u00e7\u00e3o. Agora est\u00e1 melhor e a gente daqui do bairro s\u00f3 tem a agradecer\u201d, comentou.<\/p>\n<p>Durante\u00a0a a\u00e7\u00e3o realizada\u00a0hoje, equipes de Educa\u00e7\u00e3o de tr\u00e2nsito da SMTT\u00a0tamb\u00e9m\u00a0levaram atividades de\u00a0conscientiza\u00e7\u00e3o e instru\u00e7\u00e3o aos pedestres sobre a import\u00e2ncia de como realizar a travessia na faixa de forma correta. \u201cA justificativa para desempenharmos esse trabalho cont\u00ednuo com os pedestres\u00a0se d\u00e1 pelo fato de termos\u00a0registrado altos \u00edndices de atropelamento motivados pela falta de aten\u00e7\u00e3o do cidad\u00e3o. Aproveitamos a ocasi\u00e3o do encerramento da edi\u00e7\u00e3o do SMTT Mais Perto de Voc\u00ea aqui no Santos Dumont para realizar essas atividades\u00a0com os estudantes e moradores da regi\u00e3o\u201d, explicou a diretora de Educa\u00e7\u00e3o e Mobilidade da Superintend\u00eancia, Juliana Normande.<\/p>\n<p><strong>Mais benef\u00edcios<\/strong><\/p>\n<p>No Dia D do SMTT Mais Perto de Voc\u00ea, realizado\u00a0em 07 de julho, os moradores do Santos Dumont tamb\u00e9m tiveram acesso a servi\u00e7os como emiss\u00e3o do Cart\u00e3o Bem Legal, solicita\u00e7\u00e3o de credencial de estacionamento, e foram ouvidos no setor de sugest\u00f5es e reclama\u00e7\u00f5es do \u00f3rg\u00e3o instalado no local.\u00a0\u00c0 \u00e9poca, o Cart\u00e3o Bem Legal na mobilidade Cidad\u00e3o teve 63 ades\u00f5es, enquanto o S\u00eanior foi emitido sete vezes. Nove credenciais de estacionamento para idosos foram emitidas.<\/p>\n<p>Uadson Barros\/ Ascom SMTT<\/p>\n","protected":false},"excerpt":{"rendered":"<p>A Prefeitura de Macei\u00f3, por meio da Superintend\u00eancia Municipal de Transportes e Tr\u00e2nsito (SMTT), segue trabalhando diariamente<\/p>\n","protected":false},"author":1,"featured_media":4515,"comment_status":"open","ping_status":"open","sticky":false,"template":"","format":"standard","meta":{"footnotes":""},"categories":[60,4],"tags":[],"class_list":["post-4512","post","type-post","status-publish","format-standard","has-post-thumbnail","hentry","category-capa","category-noticias"],"_links":{"self":[{"href":"https:\/\/4cantosalagoas.com.br\/portal\/wp-json\/wp\/v2\/posts\/4512","targetHints":{"allow":["GET"]}}],"collection":[{"href":"https:\/\/4cantosalagoas.com.br\/portal\/wp-json\/wp\/v2\/posts"}],"about":[{"href":"https:\/\/4cantosalagoas.com.br\/portal\/wp-json\/wp\/v2\/types\/post"}],"author":[{"embeddable":true,"href":"https:\/\/4cantosalagoas.com.br\/portal\/wp-json\/wp\/v2\/users\/1"}],"replies":[{"embeddable":true,"href":"https:\/\/4cantosalagoas.com.br\/portal\/wp-json\/wp\/v2\/comments?post=4512"}],"version-history":[{"count":3,"href":"https:\/\/4cantosalagoas.com.br\/portal\/wp-json\/wp\/v2\/posts\/4512\/revisions"}],"predecessor-version":[{"id":4516,"href":"https:\/\/4cantosalagoas.com.br\/portal\/wp-json\/wp\/v2\/posts\/4512\/revisions\/4516"}],"wp:featuredmedia":[{"embeddable":true,"href":"https:\/\/4cantosalagoas.com.br\/portal\/wp-json\/wp\/v2\/media\/4515"}],"wp:attachment":[{"href":"https:\/\/4cantosalagoas.com.br\/portal\/wp-json\/wp\/v2\/media?parent=4512"}],"wp:term":[{"taxonomy":"category","embeddable":true,"href":"https:\/\/4cantosalagoas.com.br\/portal\/wp-json\/wp\/v2\/categories?post=4512"},{"taxonomy":"post_tag","embeddable":true,"href":"https:\/\/4cantosalagoas.com.br\/portal\/wp-json\/wp\/v2\/tags?post=4512"}],"curies":[{"name":"wp","href":"https:\/\/api.w.org\/{rel}","templated":true}]}}