{"id":4507,"date":"2018-08-10T07:15:55","date_gmt":"2018-08-10T10:15:55","guid":{"rendered":"http:\/\/4cantosalagoas.com.br\/portal\/?p=4507"},"modified":"2018-08-10T07:15:55","modified_gmt":"2018-08-10T10:15:55","slug":"prefeitura-divulga-programacao-da-i-flijaca-confira","status":"publish","type":"post","link":"https:\/\/4cantosalagoas.com.br\/portal\/prefeitura-divulga-programacao-da-i-flijaca-confira\/","title":{"rendered":"Prefeitura divulga programa\u00e7\u00e3o da I Flija\u00e7a; confira"},"content":{"rendered":"<figure id=\"attachment_4508\" aria-describedby=\"caption-attachment-4508\" style=\"width: 300px\" class=\"wp-caption alignleft\"><img fetchpriority=\"high\" decoding=\"async\" class=\"size-medium wp-image-4508\" src=\"http:\/\/4cantosalagoas.com.br\/portal\/wp-content\/uploads\/2018\/08\/fklisj-300x200.jpg\" alt=\"\" width=\"300\" height=\"200\" srcset=\"https:\/\/4cantosalagoas.com.br\/portal\/wp-content\/uploads\/2018\/08\/fklisj-300x200.jpg 300w, https:\/\/4cantosalagoas.com.br\/portal\/wp-content\/uploads\/2018\/08\/fklisj-768x512.jpg 768w, https:\/\/4cantosalagoas.com.br\/portal\/wp-content\/uploads\/2018\/08\/fklisj.jpg 1024w, https:\/\/4cantosalagoas.com.br\/portal\/wp-content\/uploads\/2018\/08\/fklisj-375x250.jpg 375w, https:\/\/4cantosalagoas.com.br\/portal\/wp-content\/uploads\/2018\/08\/fklisj-465x310.jpg 465w, https:\/\/4cantosalagoas.com.br\/portal\/wp-content\/uploads\/2018\/08\/fklisj-695x464.jpg 695w, https:\/\/4cantosalagoas.com.br\/portal\/wp-content\/uploads\/2018\/08\/fklisj-272x182.jpg 272w\" sizes=\"(max-width: 300px) 100vw, 300px\" \/><figcaption id=\"caption-attachment-4508\" class=\"wp-caption-text\">Lan\u00e7amento da Feira Liter\u00e1ria no Jacitinho, o Flija\u00e7a. Foto: Pei Fon\/ Secom Macei\u00f3<\/figcaption><\/figure>\n<p>O bairro Jacintinho vai sediar uma festa liter\u00e1ria entre os dias 15 e 18 de agosto. O projeto \u00e9 uma parceria entre a Prefeitura de Macei\u00f3, por meio\u00a0da Funda\u00e7\u00e3o Municipal de A\u00e7\u00e3o Cultural (Fmac), e a Associa\u00e7\u00e3o Cultural Alagoa do Sul. Nesta quinta-feira (09), a programa\u00e7\u00e3o da 1\u00aa Flija\u00e7a foi apresentada durante coletiva de imprensa, na Escola Municipal Professora Gerusa da Costa Lima, localizada na Rua Santa Margarida, no bairro do Jacintinho.<\/p>\n<p>Na ocasi\u00e3o, estavam presentes o presidente da Associa\u00e7\u00e3o Alagoa do Sul e curador do evento, Carlito Lima, o diretor de Pol\u00edticas Culturais da Fmac, Marcos Sampaio, e a coordenadora de Programas e Projetos Educacionais da Secretaria Municipal de Educa\u00e7\u00e3o (Semed), Virg\u00ednia Ferreira.<\/p>\n<div id=\"attachment_260519\" class=\"wp-caption alignnone\"><img decoding=\"async\" class=\" wp-image-260519\" src=\"http:\/\/www.maceio.al.gov.br\/wp-content\/uploads\/2018\/08\/jpg\/2018\/08\/09082018-Carlito-Lima-PF-0002-300x200.jpg\" sizes=\"(max-width: 696px) 100vw, 696px\" srcset=\"http:\/\/www.maceio.al.gov.br\/wp-content\/uploads\/2018\/08\/jpg\/2018\/08\/09082018-Carlito-Lima-PF-0002-300x200.jpg 300w, http:\/\/www.maceio.al.gov.br\/wp-content\/uploads\/2018\/08\/jpg\/2018\/08\/09082018-Carlito-Lima-PF-0002-150x100.jpg 150w, http:\/\/www.maceio.al.gov.br\/wp-content\/uploads\/2018\/08\/jpg\/2018\/08\/09082018-Carlito-Lima-PF-0002-768x512.jpg 768w, http:\/\/www.maceio.al.gov.br\/wp-content\/uploads\/2018\/08\/jpg\/2018\/08\/09082018-Carlito-Lima-PF-0002-1024x683.jpg 1024w, http:\/\/www.maceio.al.gov.br\/wp-content\/uploads\/2018\/08\/jpg\/2018\/08\/09082018-Carlito-Lima-PF-0002-120x80.jpg 120w\" alt=\"Carlito Lima - Curador do evento.  Foto: Pei Fon\/ Secom Macei\u00f3\" width=\"696\" height=\"464\" \/><\/p>\n<p class=\"wp-caption-text\">Carlito Lima \u2013 Curador do evento. Foto: Pei Fon\/ Secom Macei\u00f3<\/p>\n<\/div>\n<p>Na oportunidade, o curador da 1\u00aa Flija\u00e7a ressaltou que o grande objetivo do evento \u00e9 o incentivo \u00e0 leitura.\u201cTrabalhamos em conjunto com as escolas municipais do bairro do Jacintinho. A programa\u00e7\u00e3o \u00e9 voltada para os alunos e formada por eles tamb\u00e9m. L\u00e1 ter\u00e3o tendas, conta\u00e7\u00f5es de hist\u00f3rias e as apresenta\u00e7\u00f5es elaboradas pelos estudantes\u201d, disse Carlito Lima.<\/p>\n<p>Esta j\u00e1 \u00e9 a terceira festa liter\u00e1ria na capital alagoana. A primeira foi no Pontal da Barra, a Flipontal, e a segunda foi a Fligra\u00e7a, no bairro Graciliano Ramos, parte alta da cidade. Como nas outras edi\u00e7\u00f5es, a Flija\u00e7a tamb\u00e9m homenagear\u00e1 dois nomes da cultura nordestina: o m\u00fasico pernambucano Luiz Gonzaga e a escritora Alagoana Ruth Quintella.<\/p>\n<div id=\"attachment_260535\" class=\"wp-caption alignnone\"><img decoding=\"async\" class=\" wp-image-260535\" src=\"http:\/\/www.maceio.al.gov.br\/wp-content\/uploads\/2018\/08\/jpg\/2018\/08\/09082018-Lan%C3%A7amento-Flija%C3%A7a-PF_0042-300x200.jpg\" sizes=\"(max-width: 803px) 100vw, 803px\" srcset=\"http:\/\/www.maceio.al.gov.br\/wp-content\/uploads\/2018\/08\/jpg\/2018\/08\/09082018-Lan\u00e7amento-Flija\u00e7a-PF_0042-300x200.jpg 300w, http:\/\/www.maceio.al.gov.br\/wp-content\/uploads\/2018\/08\/jpg\/2018\/08\/09082018-Lan\u00e7amento-Flija\u00e7a-PF_0042-150x100.jpg 150w, http:\/\/www.maceio.al.gov.br\/wp-content\/uploads\/2018\/08\/jpg\/2018\/08\/09082018-Lan\u00e7amento-Flija\u00e7a-PF_0042-768x512.jpg 768w, http:\/\/www.maceio.al.gov.br\/wp-content\/uploads\/2018\/08\/jpg\/2018\/08\/09082018-Lan\u00e7amento-Flija\u00e7a-PF_0042-1024x683.jpg 1024w, http:\/\/www.maceio.al.gov.br\/wp-content\/uploads\/2018\/08\/jpg\/2018\/08\/09082018-Lan\u00e7amento-Flija\u00e7a-PF_0042-120x80.jpg 120w\" alt=\"Lan\u00e7amento da Feira Liter\u00e1ria no Jacitinho, o Flija\u00e7a.  Foto: Pei Fon\/ Secom Macei\u00f3\" width=\"803\" height=\"535\" \/><\/p>\n<p class=\"wp-caption-text\">Lan\u00e7amento da Feira Liter\u00e1ria no Jacitinho, o Flija\u00e7a. Foto: Pei Fon\/ Secom Macei\u00f3<\/p>\n<\/div>\n<p>Segundo Virg\u00ednia Ferreira, o projeto de est\u00edmulo \u00e0 leitura executado nas escolas municipais do bairro foi baseado na biografia, obras dos homenageados da 1\u00aa Flija\u00e7a e tamb\u00e9m de outros autores. \u201cFoi um trabalho elaborado por mais de seis meses nessas institui\u00e7\u00f5es de ensino. Agora os alunos poder\u00e3o levar o que desenvolveram para a Festa Liter\u00e1ria do Jacintinho, com apresenta\u00e7\u00f5es musicais no palco e nas tendas liter\u00e1rias da Semed\u201d, explica a coordenadora.<\/p>\n<div id=\"attachment_260538\" class=\"wp-caption alignnone\"><img loading=\"lazy\" decoding=\"async\" class=\" wp-image-260538\" src=\"http:\/\/www.maceio.al.gov.br\/wp-content\/uploads\/2018\/08\/jpg\/2018\/08\/09082018-Marcos-Sampaio-PF-0001-300x200.jpg\" sizes=\"(max-width: 723px) 100vw, 723px\" srcset=\"http:\/\/www.maceio.al.gov.br\/wp-content\/uploads\/2018\/08\/jpg\/2018\/08\/09082018-Marcos-Sampaio-PF-0001-300x200.jpg 300w, http:\/\/www.maceio.al.gov.br\/wp-content\/uploads\/2018\/08\/jpg\/2018\/08\/09082018-Marcos-Sampaio-PF-0001-150x100.jpg 150w, http:\/\/www.maceio.al.gov.br\/wp-content\/uploads\/2018\/08\/jpg\/2018\/08\/09082018-Marcos-Sampaio-PF-0001-768x512.jpg 768w, http:\/\/www.maceio.al.gov.br\/wp-content\/uploads\/2018\/08\/jpg\/2018\/08\/09082018-Marcos-Sampaio-PF-0001-1024x683.jpg 1024w, http:\/\/www.maceio.al.gov.br\/wp-content\/uploads\/2018\/08\/jpg\/2018\/08\/09082018-Marcos-Sampaio-PF-0001-120x80.jpg 120w\" alt=\"Marcos Sampaio - Diretor de Pol\u00edticas Culturais da Fmac.  Foto: Pei Fon\/ Secom Macei\u00f3\" width=\"723\" height=\"482\" \/><\/p>\n<p class=\"wp-caption-text\">Marcos Sampaio \u2013 Diretor de Pol\u00edticas Culturais da Fmac. Foto: Pei Fon\/ Secom Macei\u00f3<\/p>\n<\/div>\n<p>Para o diretor de Pol\u00edticas Culturais da Fmac, as Festas Liter\u00e1rias conseguem mobilizar e aproximar a comunidade da cultura local. \u201cApesar de ser um evento voltado para a literatura, \u00e9 poss\u00edvel integrar outros segmentos culturais, como o folclore e o artesanato entre as atividades da programa\u00e7\u00e3o\u201d, frisou Sampaio.<\/p>\n<p>A abertura da Flija\u00e7a\u00a0ser\u00e1 no dia 15, a partir das 19h, na Pra\u00e7a do Mirante. J\u00e1 nos dias 16, 17 e 18, a programa\u00e7\u00e3o contar\u00e1 com exposi\u00e7\u00f5es, apresenta\u00e7\u00f5es art\u00edsticas dos alunos da Rede Municipal de Ensino, lan\u00e7amentos de livros, mesas-redondas e shows.<\/p>\n<p><a title=\"Prefeitura divulga programa\u00e7\u00e3o da I Flija\u00e7a; confira\" href=\"http:\/\/www.maceio.al.gov.br\/wp-content\/uploads\/2018\/08\/pdf\/2018\/08\/1%C2%AA-FLIJA%C3%87A-prog-7AGO.pdf\" target=\"_blank\" rel=\"noopener\">Confira a programa\u00e7\u00e3o completa<\/a>.<\/p>\n<p>Paula Ara\u00fajo (estagi\u00e1ria)\/ Ascom Fmac<\/p>\n","protected":false},"excerpt":{"rendered":"<p>O bairro Jacintinho vai sediar uma festa liter\u00e1ria entre os dias 15 e 18 de agosto. O<\/p>\n","protected":false},"author":1,"featured_media":4508,"comment_status":"open","ping_status":"open","sticky":false,"template":"","format":"standard","meta":{"footnotes":""},"categories":[60],"tags":[],"class_list":["post-4507","post","type-post","status-publish","format-standard","has-post-thumbnail","hentry","category-capa"],"_links":{"self":[{"href":"https:\/\/4cantosalagoas.com.br\/portal\/wp-json\/wp\/v2\/posts\/4507","targetHints":{"allow":["GET"]}}],"collection":[{"href":"https:\/\/4cantosalagoas.com.br\/portal\/wp-json\/wp\/v2\/posts"}],"about":[{"href":"https:\/\/4cantosalagoas.com.br\/portal\/wp-json\/wp\/v2\/types\/post"}],"author":[{"embeddable":true,"href":"https:\/\/4cantosalagoas.com.br\/portal\/wp-json\/wp\/v2\/users\/1"}],"replies":[{"embeddable":true,"href":"https:\/\/4cantosalagoas.com.br\/portal\/wp-json\/wp\/v2\/comments?post=4507"}],"version-history":[{"count":1,"href":"https:\/\/4cantosalagoas.com.br\/portal\/wp-json\/wp\/v2\/posts\/4507\/revisions"}],"predecessor-version":[{"id":4509,"href":"https:\/\/4cantosalagoas.com.br\/portal\/wp-json\/wp\/v2\/posts\/4507\/revisions\/4509"}],"wp:featuredmedia":[{"embeddable":true,"href":"https:\/\/4cantosalagoas.com.br\/portal\/wp-json\/wp\/v2\/media\/4508"}],"wp:attachment":[{"href":"https:\/\/4cantosalagoas.com.br\/portal\/wp-json\/wp\/v2\/media?parent=4507"}],"wp:term":[{"taxonomy":"category","embeddable":true,"href":"https:\/\/4cantosalagoas.com.br\/portal\/wp-json\/wp\/v2\/categories?post=4507"},{"taxonomy":"post_tag","embeddable":true,"href":"https:\/\/4cantosalagoas.com.br\/portal\/wp-json\/wp\/v2\/tags?post=4507"}],"curies":[{"name":"wp","href":"https:\/\/api.w.org\/{rel}","templated":true}]}}