{"id":4500,"date":"2018-08-09T06:20:18","date_gmt":"2018-08-09T09:20:18","guid":{"rendered":"http:\/\/4cantosalagoas.com.br\/portal\/?p=4500"},"modified":"2018-08-09T07:23:14","modified_gmt":"2018-08-09T10:23:14","slug":"parque-municipal-tera-programacao-em-homenagem-aos-pais","status":"publish","type":"post","link":"https:\/\/4cantosalagoas.com.br\/portal\/parque-municipal-tera-programacao-em-homenagem-aos-pais\/","title":{"rendered":"Parque Municipal ter\u00e1 programa\u00e7\u00e3o em homenagem aos pais"},"content":{"rendered":"<figure id=\"attachment_4501\" aria-describedby=\"caption-attachment-4501\" style=\"width: 300px\" class=\"wp-caption alignleft\"><img fetchpriority=\"high\" decoding=\"async\" class=\"size-medium wp-image-4501\" src=\"http:\/\/4cantosalagoas.com.br\/portal\/wp-content\/uploads\/2018\/08\/aaaacccc-300x294.jpg\" alt=\"\" width=\"300\" height=\"294\" srcset=\"https:\/\/4cantosalagoas.com.br\/portal\/wp-content\/uploads\/2018\/08\/aaaacccc-300x294.jpg 300w, https:\/\/4cantosalagoas.com.br\/portal\/wp-content\/uploads\/2018\/08\/aaaacccc-768x754.jpg 768w, https:\/\/4cantosalagoas.com.br\/portal\/wp-content\/uploads\/2018\/08\/aaaacccc-375x368.jpg 375w, https:\/\/4cantosalagoas.com.br\/portal\/wp-content\/uploads\/2018\/08\/aaaacccc-465x456.jpg 465w, https:\/\/4cantosalagoas.com.br\/portal\/wp-content\/uploads\/2018\/08\/aaaacccc-510x500.jpg 510w, https:\/\/4cantosalagoas.com.br\/portal\/wp-content\/uploads\/2018\/08\/aaaacccc-45x45.jpg 45w, https:\/\/4cantosalagoas.com.br\/portal\/wp-content\/uploads\/2018\/08\/aaaacccc.jpg 795w\" sizes=\"(max-width: 300px) 100vw, 300px\" \/><figcaption id=\"caption-attachment-4501\" class=\"wp-caption-text\">Programa\u00e7\u00e3o \u00e9 aberta ao p\u00fablico e acontece das 08h \u00e0s 12h do pr\u00f3ximo s\u00e1bado (11)<\/figcaption><\/figure>\n<p>O Parque Municipal de Macei\u00f3 realiza, no pr\u00f3ximo s\u00e1bado (11), uma atividade especial em homenagem ao Dia dos Pais, que \u00e9 celebrado no domingo (12). Aberta ao p\u00fablico e sem necessidade de inscri\u00e7\u00f5es pr\u00e9vias, a programa\u00e7\u00e3o tem in\u00edcio \u00e0s 08h e segue at\u00e9 12h com trilha guiada, ca\u00e7a ao tesouro com brindes, al\u00e9m de brincadeiras para crian\u00e7as e adultos.<\/p>\n<p>\u201cO Dia dos Pais \u00e9 uma data em que muitas fam\u00edlias se re\u00fanem para homenagear aqueles que t\u00eam uma representatividade especial. No Parque Municipal, onde normalmente j\u00e1 recebemos fam\u00edlias para momentos de lazer, realizaremos uma programa\u00e7\u00e3o gratuita para todas as idades, um momento diferente para quem busca um dia divertido e com a oportunidade de contemplar as belezas da reserva ambiental\u201d, diz Gustavo Acioli Torres, titular da Secretaria Municipal de Desenvolvimento Sustent\u00e1vel (Semds), pasta gestora do Parque.<\/p>\n<p>As atividades ser\u00e3o conduzidas pela equipe de Educa\u00e7\u00e3o Ambiental da Semds. De acordo com a organiza\u00e7\u00e3o, n\u00e3o h\u00e1 restri\u00e7\u00e3o de idade para a programa\u00e7\u00e3o e, para participar, basta comparecer no hor\u00e1rio agendado, \u00e0s 08 horas. A orienta\u00e7\u00e3o \u00e9 para que pais e filhos utilizem roupas leves, t\u00eanis, fa\u00e7am uso de protetor solar e repelente, al\u00e9m de portarem garrafa de \u00e1gua para hidrata\u00e7\u00e3o durante o percurso da trilha.<\/p>\n<p>Ap\u00f3s a programa\u00e7\u00e3o, o Parque Municipal continua funcionando normalmente, permanecendo aberto at\u00e9 \u00e0s 17 horas. No domingo, dia 12 de agosto, o espa\u00e7o tamb\u00e9m estar\u00e1 aberto para visita\u00e7\u00e3o em hor\u00e1rio normal, das 08h \u00e0s 17h, no entanto n\u00e3o haver\u00e1 programa\u00e7\u00e3o espec\u00edfica.<\/p>\n<p>Lucas Alc\u00e2ntara\/ Ascom Semds<\/p>\n","protected":false},"excerpt":{"rendered":"<p>O Parque Municipal de Macei\u00f3 realiza, no pr\u00f3ximo s\u00e1bado (11), uma atividade especial em homenagem ao Dia<\/p>\n","protected":false},"author":1,"featured_media":4501,"comment_status":"open","ping_status":"open","sticky":false,"template":"","format":"standard","meta":{"footnotes":""},"categories":[60,5],"tags":[],"class_list":["post-4500","post","type-post","status-publish","format-standard","has-post-thumbnail","hentry","category-capa","category-maceio"],"_links":{"self":[{"href":"https:\/\/4cantosalagoas.com.br\/portal\/wp-json\/wp\/v2\/posts\/4500","targetHints":{"allow":["GET"]}}],"collection":[{"href":"https:\/\/4cantosalagoas.com.br\/portal\/wp-json\/wp\/v2\/posts"}],"about":[{"href":"https:\/\/4cantosalagoas.com.br\/portal\/wp-json\/wp\/v2\/types\/post"}],"author":[{"embeddable":true,"href":"https:\/\/4cantosalagoas.com.br\/portal\/wp-json\/wp\/v2\/users\/1"}],"replies":[{"embeddable":true,"href":"https:\/\/4cantosalagoas.com.br\/portal\/wp-json\/wp\/v2\/comments?post=4500"}],"version-history":[{"count":1,"href":"https:\/\/4cantosalagoas.com.br\/portal\/wp-json\/wp\/v2\/posts\/4500\/revisions"}],"predecessor-version":[{"id":4502,"href":"https:\/\/4cantosalagoas.com.br\/portal\/wp-json\/wp\/v2\/posts\/4500\/revisions\/4502"}],"wp:featuredmedia":[{"embeddable":true,"href":"https:\/\/4cantosalagoas.com.br\/portal\/wp-json\/wp\/v2\/media\/4501"}],"wp:attachment":[{"href":"https:\/\/4cantosalagoas.com.br\/portal\/wp-json\/wp\/v2\/media?parent=4500"}],"wp:term":[{"taxonomy":"category","embeddable":true,"href":"https:\/\/4cantosalagoas.com.br\/portal\/wp-json\/wp\/v2\/categories?post=4500"},{"taxonomy":"post_tag","embeddable":true,"href":"https:\/\/4cantosalagoas.com.br\/portal\/wp-json\/wp\/v2\/tags?post=4500"}],"curies":[{"name":"wp","href":"https:\/\/api.w.org\/{rel}","templated":true}]}}