{"id":4480,"date":"2018-08-07T10:06:49","date_gmt":"2018-08-07T13:06:49","guid":{"rendered":"http:\/\/4cantosalagoas.com.br\/portal\/?p=4480"},"modified":"2018-08-07T10:06:49","modified_gmt":"2018-08-07T13:06:49","slug":"pc-prende-acusado-de-roubos-de-carros-de-luxo-em-alagoas","status":"publish","type":"post","link":"https:\/\/4cantosalagoas.com.br\/portal\/pc-prende-acusado-de-roubos-de-carros-de-luxo-em-alagoas\/","title":{"rendered":"PC prende acusado de roubos de carros de luxo em Alagoas"},"content":{"rendered":"<figure id=\"attachment_4481\" aria-describedby=\"caption-attachment-4481\" style=\"width: 300px\" class=\"wp-caption alignleft\"><img fetchpriority=\"high\" decoding=\"async\" class=\"size-medium wp-image-4481\" src=\"http:\/\/4cantosalagoas.com.br\/portal\/wp-content\/uploads\/2018\/08\/tfrd543-300x209.jpeg\" alt=\"\" width=\"300\" height=\"209\" srcset=\"https:\/\/4cantosalagoas.com.br\/portal\/wp-content\/uploads\/2018\/08\/tfrd543-300x209.jpeg 300w, https:\/\/4cantosalagoas.com.br\/portal\/wp-content\/uploads\/2018\/08\/tfrd543-375x261.jpeg 375w, https:\/\/4cantosalagoas.com.br\/portal\/wp-content\/uploads\/2018\/08\/tfrd543-360x250.jpeg 360w, https:\/\/4cantosalagoas.com.br\/portal\/wp-content\/uploads\/2018\/08\/tfrd543.jpeg 460w\" sizes=\"(max-width: 300px) 100vw, 300px\" \/><figcaption id=\"caption-attachment-4481\" class=\"wp-caption-text\">K\u00e1ssio Filipe Farias Gomes, acusado de v\u00e1rios crimes em Macei\u00f3 e Arapiraca<br \/>PC\/AL<\/figcaption><\/figure>\n<p>Policiais civis da Sess\u00e3o de Capturas \u2013 da Ger\u00eancia de Recursos Especiais \u2013 GRE\/DEIC, sob o comando do Delegado F\u00e1bio Costa, efetuaram, nesta ter\u00e7a (7), o cumprimento do mandado de pris\u00e3o preventiva, expedida pela 3\u00aa Vara Criminal da Capital, em desfavor de K\u00e1ssio Filipe\u00a0Farias Gomes, de 28 anos.<\/p>\n<p>K\u00e1ssio\u00a0respondia em liberdade pelo crime de roubo, ocorrido em 2016, e tinha seu livramento condicionado ao cumprimento de medidas cautelares.\u00a0Por\u00e9m, foi preso em flagrante no dia 2 de julho deste ano, portando uma arma de fogo calibre .40 e muni\u00e7\u00f5es.\u00a0Em virtude disso, teve sua liberdade provis\u00f3ria revogada e sua pris\u00e3o preventiva decretada.<\/p>\n<p>Al\u00e9m deste, K\u00e1ssio responde a outros processos criminais, como tr\u00e1fico de drogas em 2011 e 2016, e roubo\u00a0em 2014 e 2016.\u00a0Foi tamb\u00e9m condenado em 2014 por uso de documento falso.<\/p>\n<p>A maioria dos crimes cometidos ocorriam na regi\u00e3o do bairro do Pinheiro, em Macei\u00f3, local em que j\u00e1 foi surpreendido pela pol\u00edcia fazendo arrast\u00f5es e com a tornozeleira eletr\u00f4nica rompida, em 2016.<\/p>\n<p>O acusado ficou conhecido quando foi preso no ano de 2014, integrando uma organiza\u00e7\u00e3o criminosa que roubava carros de luxo em Macei\u00f3, e os vendia pelo pre\u00e7o de R$ 5 mil reais em Arapiraca, para serem clonado em Sergipe.\u00a0O grupo era suspeito de envolvimento no roubo de aproximadamente\u00a0100 ve\u00edculos.<\/p>\n<p><span class=\"fonte\">\u00a0PC\/AL<\/span><\/p>\n<p>&nbsp;<\/p>\n","protected":false},"excerpt":{"rendered":"<p>Policiais civis da Sess\u00e3o de Capturas \u2013 da Ger\u00eancia de Recursos Especiais \u2013 GRE\/DEIC, sob o comando<\/p>\n","protected":false},"author":1,"featured_media":4481,"comment_status":"open","ping_status":"open","sticky":false,"template":"","format":"standard","meta":{"footnotes":""},"categories":[60],"tags":[],"class_list":["post-4480","post","type-post","status-publish","format-standard","has-post-thumbnail","hentry","category-capa"],"_links":{"self":[{"href":"https:\/\/4cantosalagoas.com.br\/portal\/wp-json\/wp\/v2\/posts\/4480","targetHints":{"allow":["GET"]}}],"collection":[{"href":"https:\/\/4cantosalagoas.com.br\/portal\/wp-json\/wp\/v2\/posts"}],"about":[{"href":"https:\/\/4cantosalagoas.com.br\/portal\/wp-json\/wp\/v2\/types\/post"}],"author":[{"embeddable":true,"href":"https:\/\/4cantosalagoas.com.br\/portal\/wp-json\/wp\/v2\/users\/1"}],"replies":[{"embeddable":true,"href":"https:\/\/4cantosalagoas.com.br\/portal\/wp-json\/wp\/v2\/comments?post=4480"}],"version-history":[{"count":1,"href":"https:\/\/4cantosalagoas.com.br\/portal\/wp-json\/wp\/v2\/posts\/4480\/revisions"}],"predecessor-version":[{"id":4482,"href":"https:\/\/4cantosalagoas.com.br\/portal\/wp-json\/wp\/v2\/posts\/4480\/revisions\/4482"}],"wp:featuredmedia":[{"embeddable":true,"href":"https:\/\/4cantosalagoas.com.br\/portal\/wp-json\/wp\/v2\/media\/4481"}],"wp:attachment":[{"href":"https:\/\/4cantosalagoas.com.br\/portal\/wp-json\/wp\/v2\/media?parent=4480"}],"wp:term":[{"taxonomy":"category","embeddable":true,"href":"https:\/\/4cantosalagoas.com.br\/portal\/wp-json\/wp\/v2\/categories?post=4480"},{"taxonomy":"post_tag","embeddable":true,"href":"https:\/\/4cantosalagoas.com.br\/portal\/wp-json\/wp\/v2\/tags?post=4480"}],"curies":[{"name":"wp","href":"https:\/\/api.w.org\/{rel}","templated":true}]}}