{"id":4462,"date":"2018-08-05T18:16:30","date_gmt":"2018-08-05T21:16:30","guid":{"rendered":"http:\/\/4cantosalagoas.com.br\/portal\/?p=4462"},"modified":"2018-08-06T07:47:58","modified_gmt":"2018-08-06T10:47:58","slug":"homem-morre-afogado-na-praia-do-frances-na-tarde-deste-domingo","status":"publish","type":"post","link":"https:\/\/4cantosalagoas.com.br\/portal\/homem-morre-afogado-na-praia-do-frances-na-tarde-deste-domingo\/","title":{"rendered":"Homem morre afogado na Praia do Franc\u00eas na tarde deste domingo"},"content":{"rendered":"<figure id=\"attachment_4460\" aria-describedby=\"caption-attachment-4460\" style=\"width: 300px\" class=\"wp-caption alignleft\"><img fetchpriority=\"high\" decoding=\"async\" class=\"size-medium wp-image-4460\" src=\"http:\/\/4cantosalagoas.com.br\/portal\/wp-content\/uploads\/2018\/08\/afo1-300x200.jpg\" alt=\"\" width=\"300\" height=\"200\" srcset=\"https:\/\/4cantosalagoas.com.br\/portal\/wp-content\/uploads\/2018\/08\/afo1-300x200.jpg 300w, https:\/\/4cantosalagoas.com.br\/portal\/wp-content\/uploads\/2018\/08\/afo1-768x512.jpg 768w, https:\/\/4cantosalagoas.com.br\/portal\/wp-content\/uploads\/2018\/08\/afo1-1024x683.jpg 1024w, https:\/\/4cantosalagoas.com.br\/portal\/wp-content\/uploads\/2018\/08\/afo1-375x250.jpg 375w, https:\/\/4cantosalagoas.com.br\/portal\/wp-content\/uploads\/2018\/08\/afo1-465x310.jpg 465w, https:\/\/4cantosalagoas.com.br\/portal\/wp-content\/uploads\/2018\/08\/afo1-695x464.jpg 695w, https:\/\/4cantosalagoas.com.br\/portal\/wp-content\/uploads\/2018\/08\/afo1-272x182.jpg 272w, https:\/\/4cantosalagoas.com.br\/portal\/wp-content\/uploads\/2018\/08\/afo1.jpg 1331w\" sizes=\"(max-width: 300px) 100vw, 300px\" \/><figcaption id=\"caption-attachment-4460\" class=\"wp-caption-text\">Foto\/ Gl\u00e9cio Rodrigues<\/figcaption><\/figure>\n<p>Reda\u00e7\u00e3o<\/p>\n<p>Um homem ainda n\u00e3o identificado morreu afogado na tarde deste domingo, 05,\u00a0 na Praia do franc\u00eas em Marechal Deodoro.<\/p>\n<p>A\u00a0 v\u00edtima ainda chegou a ser socorrida por homens do Corpo de Bombeiros, que o retiraram da \u00e1gua e tentaram a reanima\u00e7\u00e3o cardiorrespirat\u00f3ria.<\/p>\n<p>O resgate a\u00e9reo esteve no local para tentar transferir a v\u00edtima a uma unidade hospitalar, por\u00e9m devido \u00e0 gravidade da situa\u00e7\u00e3o, o \u00f3bito foi constatado no local.<\/p>\n<p>O IML, se dirigiu para o local e encaminhou corpo para necropsia<\/p>\n","protected":false},"excerpt":{"rendered":"<p>Reda\u00e7\u00e3o Um homem ainda n\u00e3o identificado morreu afogado na tarde deste domingo, 05,\u00a0 na Praia do franc\u00eas<\/p>\n","protected":false},"author":1,"featured_media":4460,"comment_status":"open","ping_status":"open","sticky":false,"template":"","format":"standard","meta":{"footnotes":""},"categories":[60],"tags":[],"class_list":["post-4462","post","type-post","status-publish","format-standard","has-post-thumbnail","hentry","category-capa"],"_links":{"self":[{"href":"https:\/\/4cantosalagoas.com.br\/portal\/wp-json\/wp\/v2\/posts\/4462","targetHints":{"allow":["GET"]}}],"collection":[{"href":"https:\/\/4cantosalagoas.com.br\/portal\/wp-json\/wp\/v2\/posts"}],"about":[{"href":"https:\/\/4cantosalagoas.com.br\/portal\/wp-json\/wp\/v2\/types\/post"}],"author":[{"embeddable":true,"href":"https:\/\/4cantosalagoas.com.br\/portal\/wp-json\/wp\/v2\/users\/1"}],"replies":[{"embeddable":true,"href":"https:\/\/4cantosalagoas.com.br\/portal\/wp-json\/wp\/v2\/comments?post=4462"}],"version-history":[{"count":2,"href":"https:\/\/4cantosalagoas.com.br\/portal\/wp-json\/wp\/v2\/posts\/4462\/revisions"}],"predecessor-version":[{"id":4464,"href":"https:\/\/4cantosalagoas.com.br\/portal\/wp-json\/wp\/v2\/posts\/4462\/revisions\/4464"}],"wp:featuredmedia":[{"embeddable":true,"href":"https:\/\/4cantosalagoas.com.br\/portal\/wp-json\/wp\/v2\/media\/4460"}],"wp:attachment":[{"href":"https:\/\/4cantosalagoas.com.br\/portal\/wp-json\/wp\/v2\/media?parent=4462"}],"wp:term":[{"taxonomy":"category","embeddable":true,"href":"https:\/\/4cantosalagoas.com.br\/portal\/wp-json\/wp\/v2\/categories?post=4462"},{"taxonomy":"post_tag","embeddable":true,"href":"https:\/\/4cantosalagoas.com.br\/portal\/wp-json\/wp\/v2\/tags?post=4462"}],"curies":[{"name":"wp","href":"https:\/\/api.w.org\/{rel}","templated":true}]}}