{"id":4225,"date":"2018-07-23T07:07:33","date_gmt":"2018-07-23T10:07:33","guid":{"rendered":"http:\/\/4cantosalagoas.com.br\/portal\/?p=4225"},"modified":"2018-07-23T07:07:33","modified_gmt":"2018-07-23T10:07:33","slug":"colisao-envolvendo-veiculo-de-passeio-e-carreta-deixa-duas-pessoas-feridas","status":"publish","type":"post","link":"https:\/\/4cantosalagoas.com.br\/portal\/colisao-envolvendo-veiculo-de-passeio-e-carreta-deixa-duas-pessoas-feridas\/","title":{"rendered":"Colis\u00e3o envolvendo ve\u00edculo de passeio e carreta deixa duas pessoas feridas"},"content":{"rendered":"<figure id=\"attachment_4226\" aria-describedby=\"caption-attachment-4226\" style=\"width: 300px\" class=\"wp-caption alignleft\"><img fetchpriority=\"high\" decoding=\"async\" class=\"size-medium wp-image-4226\" src=\"http:\/\/4cantosalagoas.com.br\/portal\/wp-content\/uploads\/2018\/07\/scanestr-300x296.jpg\" alt=\"\" width=\"300\" height=\"296\" srcset=\"https:\/\/4cantosalagoas.com.br\/portal\/wp-content\/uploads\/2018\/07\/scanestr-300x296.jpg 300w, https:\/\/4cantosalagoas.com.br\/portal\/wp-content\/uploads\/2018\/07\/scanestr-80x80.jpg 80w, https:\/\/4cantosalagoas.com.br\/portal\/wp-content\/uploads\/2018\/07\/scanestr-375x370.jpg 375w, https:\/\/4cantosalagoas.com.br\/portal\/wp-content\/uploads\/2018\/07\/scanestr-465x459.jpg 465w, https:\/\/4cantosalagoas.com.br\/portal\/wp-content\/uploads\/2018\/07\/scanestr-507x500.jpg 507w, https:\/\/4cantosalagoas.com.br\/portal\/wp-content\/uploads\/2018\/07\/scanestr-45x45.jpg 45w, https:\/\/4cantosalagoas.com.br\/portal\/wp-content\/uploads\/2018\/07\/scanestr.jpg 720w\" sizes=\"(max-width: 300px) 100vw, 300px\" \/><figcaption id=\"caption-attachment-4226\" class=\"wp-caption-text\">Cortesia internauta<\/figcaption><\/figure>\n<p>Equipes do Corpo de Bombeiros e SAMU, inclusive a\u00e9reo, foram deslocadas na tarde deste domingo (22), para socorrer v\u00edtimas de um acidente de tr\u00e2nsito que deixou duas pessoas feridas na BR 316, no munic\u00edpio de Pilar.<\/p>\n<p>As v\u00edtimas, segundo informa\u00e7\u00f5es de testemunhas, ocupavam o ve\u00edculo menor, um Toyota Etios, cor branca, placa ORJ-2771, registro em Capela (AL), que se chocou com uma carreta Scania. As condi\u00e7\u00f5es em que ocorreu o sinistro n\u00e3o foram esclarecidas.<\/p>\n<p>Os feridos, de identidades n\u00e3o reveladas, foram socorridos e encaminhados para o Hospital Geral do Estado (HGE), em Macei\u00f3. A ocorr\u00eancia foi registrada pela Pol\u00edcia Rodovia Federal (PRF).<\/p>\n<p>O motorista da carreta permaneceu no local durante o socorro.<\/p>\n<p>Fonte: Alagoasweb<\/p>\n","protected":false},"excerpt":{"rendered":"<p>Equipes do Corpo de Bombeiros e SAMU, inclusive a\u00e9reo, foram deslocadas na tarde deste domingo (22), para<\/p>\n","protected":false},"author":1,"featured_media":4226,"comment_status":"open","ping_status":"open","sticky":false,"template":"","format":"standard","meta":{"footnotes":""},"categories":[60],"tags":[],"class_list":["post-4225","post","type-post","status-publish","format-standard","has-post-thumbnail","hentry","category-capa"],"_links":{"self":[{"href":"https:\/\/4cantosalagoas.com.br\/portal\/wp-json\/wp\/v2\/posts\/4225","targetHints":{"allow":["GET"]}}],"collection":[{"href":"https:\/\/4cantosalagoas.com.br\/portal\/wp-json\/wp\/v2\/posts"}],"about":[{"href":"https:\/\/4cantosalagoas.com.br\/portal\/wp-json\/wp\/v2\/types\/post"}],"author":[{"embeddable":true,"href":"https:\/\/4cantosalagoas.com.br\/portal\/wp-json\/wp\/v2\/users\/1"}],"replies":[{"embeddable":true,"href":"https:\/\/4cantosalagoas.com.br\/portal\/wp-json\/wp\/v2\/comments?post=4225"}],"version-history":[{"count":1,"href":"https:\/\/4cantosalagoas.com.br\/portal\/wp-json\/wp\/v2\/posts\/4225\/revisions"}],"predecessor-version":[{"id":4227,"href":"https:\/\/4cantosalagoas.com.br\/portal\/wp-json\/wp\/v2\/posts\/4225\/revisions\/4227"}],"wp:featuredmedia":[{"embeddable":true,"href":"https:\/\/4cantosalagoas.com.br\/portal\/wp-json\/wp\/v2\/media\/4226"}],"wp:attachment":[{"href":"https:\/\/4cantosalagoas.com.br\/portal\/wp-json\/wp\/v2\/media?parent=4225"}],"wp:term":[{"taxonomy":"category","embeddable":true,"href":"https:\/\/4cantosalagoas.com.br\/portal\/wp-json\/wp\/v2\/categories?post=4225"},{"taxonomy":"post_tag","embeddable":true,"href":"https:\/\/4cantosalagoas.com.br\/portal\/wp-json\/wp\/v2\/tags?post=4225"}],"curies":[{"name":"wp","href":"https:\/\/api.w.org\/{rel}","templated":true}]}}