{"id":4106,"date":"2018-07-15T06:55:06","date_gmt":"2018-07-15T09:55:06","guid":{"rendered":"http:\/\/4cantosalagoas.com.br\/portal\/?p=4106"},"modified":"2018-07-15T06:55:06","modified_gmt":"2018-07-15T09:55:06","slug":"ordenamento-semscs-intensifica-fiscalizacao-no-centro-nesta-segunda-16","status":"publish","type":"post","link":"https:\/\/4cantosalagoas.com.br\/portal\/ordenamento-semscs-intensifica-fiscalizacao-no-centro-nesta-segunda-16\/","title":{"rendered":"Ordenamento: Semscs intensifica fiscaliza\u00e7\u00e3o no Centro nesta segunda, (16)"},"content":{"rendered":"<figure id=\"attachment_4107\" aria-describedby=\"caption-attachment-4107\" style=\"width: 300px\" class=\"wp-caption alignleft\"><img fetchpriority=\"high\" decoding=\"async\" class=\"size-medium wp-image-4107\" src=\"http:\/\/4cantosalagoas.com.br\/portal\/wp-content\/uploads\/2018\/07\/ivan-300x225.jpg\" alt=\"\" width=\"300\" height=\"225\" srcset=\"https:\/\/4cantosalagoas.com.br\/portal\/wp-content\/uploads\/2018\/07\/ivan-300x225.jpg 300w, https:\/\/4cantosalagoas.com.br\/portal\/wp-content\/uploads\/2018\/07\/ivan-768x576.jpg 768w, https:\/\/4cantosalagoas.com.br\/portal\/wp-content\/uploads\/2018\/07\/ivan-1024x768.jpg 1024w, https:\/\/4cantosalagoas.com.br\/portal\/wp-content\/uploads\/2018\/07\/ivan-375x281.jpg 375w, https:\/\/4cantosalagoas.com.br\/portal\/wp-content\/uploads\/2018\/07\/ivan-465x349.jpg 465w, https:\/\/4cantosalagoas.com.br\/portal\/wp-content\/uploads\/2018\/07\/ivan-667x500.jpg 667w, https:\/\/4cantosalagoas.com.br\/portal\/wp-content\/uploads\/2018\/07\/ivan.jpg 1280w\" sizes=\"(max-width: 300px) 100vw, 300px\" \/><figcaption id=\"caption-attachment-4107\" class=\"wp-caption-text\">Reuni\u00e3o entre \u00f3rg\u00e3os p\u00fablicos municipais alinhou detalhes da a\u00e7\u00e3o. Foto: Ascom Semscs<\/figcaption><\/figure>\n<p>A partir desta segunda-feira (16), a Prefeitura de Macei\u00f3, por meio da Secretaria Municipal de Seguran\u00e7a Comunit\u00e1ria e Conv\u00edvio Social (Semscs) e da Secretaria Municipal do Trabalho, Abastecimento e Economia Solid\u00e1ria (Semtabes), vai intensificar a fiscaliza\u00e7\u00e3o no Centro da cidade. O objetivo\u00a0\u00e9 restabelecer a mobilidade da regi\u00e3o, bem como fazer cumprir o C\u00f3digo de Posturas.<\/p>\n<p>Os detalhes da opera\u00e7\u00e3o foram alinhados em reuni\u00e3o, realizada na sexta-feira (13), com a participa\u00e7\u00e3o da Secretaria Municipal de Gest\u00e3o (Semge), Superintend\u00eancia Municipal de Transporte e Tr\u00e2nsito (SMTT) e do Gabinete de Governan\u00e7a (Ggov), al\u00e9m da Secretaria Municipal de Comunica\u00e7\u00e3o (Secom), Semtabes e Semscs.<\/p>\n<p>O titular da Semscs, coronel Ivon Berto, informa que o plano de a\u00e7\u00e3o foi desenvolvido em tr\u00eas etapas. A primeira consistiu no cadastro e orienta\u00e7\u00e3o ao ambulante sobre legisla\u00e7\u00e3o e como funciona a fiscaliza\u00e7\u00e3o, realizada por meio de reuni\u00f5es e das a\u00e7\u00f5es pontuais nos locais onde eles comercializam. A segunda foi a apresenta\u00e7\u00e3o dos projetos e defini\u00e7\u00e3o dos locais onde devem trabalhar de forma legalizada.<\/p>\n<p>A terceira etapa ser\u00e1 iniciada nesta segunda-feira (16) e consiste na remo\u00e7\u00e3o dos ambulantes para os locais definidos. Quem estiver sem cadastro e quem estiver em locais indevidos vai ter o material apreendido. \u201cTodas as a\u00e7\u00f5es foram discutidas com os ambulantes e feirantes. Durante todo esse processo, houve reuni\u00f5es com eles, nas quais escutamos suas reivindica\u00e7\u00f5es e tentamos escolher um espa\u00e7o que beneficie todos os lados\u201d, destaca o secret\u00e1rio.<\/p>\n<div id=\"attachment_257052\" class=\"wp-caption aligncenter\"><img decoding=\"async\" class=\"wp-image-257052 size-large\" src=\"http:\/\/www.maceio.al.gov.br\/wp-content\/uploads\/2018\/07\/jpg\/2018\/07\/06385565-f717-4127-9f28-a310f2bcea3c-1024x768.jpg\" sizes=\"(max-width: 1024px) 100vw, 1024px\" srcset=\"http:\/\/www.maceio.al.gov.br\/wp-content\/uploads\/2018\/07\/jpg\/2018\/07\/06385565-f717-4127-9f28-a310f2bcea3c-1024x768.jpg 1024w, http:\/\/www.maceio.al.gov.br\/wp-content\/uploads\/2018\/07\/jpg\/2018\/07\/06385565-f717-4127-9f28-a310f2bcea3c-150x113.jpg 150w, http:\/\/www.maceio.al.gov.br\/wp-content\/uploads\/2018\/07\/jpg\/2018\/07\/06385565-f717-4127-9f28-a310f2bcea3c-300x225.jpg 300w, http:\/\/www.maceio.al.gov.br\/wp-content\/uploads\/2018\/07\/jpg\/2018\/07\/06385565-f717-4127-9f28-a310f2bcea3c-768x576.jpg 768w, http:\/\/www.maceio.al.gov.br\/wp-content\/uploads\/2018\/07\/jpg\/2018\/07\/06385565-f717-4127-9f28-a310f2bcea3c.jpg 1040w\" alt=\"A\u00e7\u00e3o objetiva impedir o com\u00e9rcio clandestino de mercadorias e promover acessibilidade.\" width=\"1024\" height=\"768\" \/><\/p>\n<p class=\"wp-caption-text\">A\u00e7\u00e3o\u00a0tem o objetivo de\u00a0impedir o com\u00e9rcio clandestino de mercadorias e promover acessibilidade. Foto: Ascom Semscs<\/p>\n<\/div>\n<p>Foram definidos espa\u00e7os como o Shopping Popular, pr\u00f3ximo \u00e0 Pra\u00e7a Deodoro, onde 60 boxes foram identificados como dispon\u00edveis e a Rua Francisco de Menezes, pr\u00f3xima ao mercado p\u00fablico e adequada para a venda de produtos de feira. Existe, ainda, o projeto do shopping a c\u00e9u aberto, no estacionamento localizado nas imedia\u00e7\u00f5es da Pra\u00e7a do Palmares, a ser iniciado j\u00e1 nos pr\u00f3ximos meses e com a disponibiliza\u00e7\u00e3o de mais de 300 vagas. \u201cVai ser mais uma \u00e1rea que ir\u00e1 atender aos ambulantes daquela regi\u00e3o, contribuindo para organizar o Centro da cidade\u201d, afirma.<\/p>\n<p>O secret\u00e1rio Ivon Berto esclarece que a fiscaliza\u00e7\u00e3o de posturas tamb\u00e9m observa a import\u00e2ncia da acessibilidade para pessoas com dificuldade de locomo\u00e7\u00e3o, como o cadeirante, o deficiente visual, o idoso. \u201cDa forma que est\u00e1, com essa ocupa\u00e7\u00e3o desordenada, essas pessoas est\u00e3o sendo prejudicadas. E a obriga\u00e7\u00e3o da Prefeitura \u00e9 fazer com que todos tenham os mesmos direitos. \u00c9 importante dizer que tem espa\u00e7o para todos, desde que estejam regularizados\u201d, explica.<\/p>\n<p>Os ambulantes ainda n\u00e3o cadastrados devem se dirigir \u00e0 sede da Semscs, que fica na Rua Alexandre Passos, s\/n, em Jaragu\u00e1, munidos dos documentos pessoais, para legalizar a situa\u00e7\u00e3o.<\/p>\n<p>Cristina Brito \/ Ascom Semscs<\/p>\n","protected":false},"excerpt":{"rendered":"<p>A partir desta segunda-feira (16), a Prefeitura de Macei\u00f3, por meio da Secretaria Municipal de Seguran\u00e7a Comunit\u00e1ria<\/p>\n","protected":false},"author":1,"featured_media":4107,"comment_status":"open","ping_status":"open","sticky":false,"template":"","format":"standard","meta":{"footnotes":""},"categories":[60,5],"tags":[],"class_list":["post-4106","post","type-post","status-publish","format-standard","has-post-thumbnail","hentry","category-capa","category-maceio"],"_links":{"self":[{"href":"https:\/\/4cantosalagoas.com.br\/portal\/wp-json\/wp\/v2\/posts\/4106","targetHints":{"allow":["GET"]}}],"collection":[{"href":"https:\/\/4cantosalagoas.com.br\/portal\/wp-json\/wp\/v2\/posts"}],"about":[{"href":"https:\/\/4cantosalagoas.com.br\/portal\/wp-json\/wp\/v2\/types\/post"}],"author":[{"embeddable":true,"href":"https:\/\/4cantosalagoas.com.br\/portal\/wp-json\/wp\/v2\/users\/1"}],"replies":[{"embeddable":true,"href":"https:\/\/4cantosalagoas.com.br\/portal\/wp-json\/wp\/v2\/comments?post=4106"}],"version-history":[{"count":1,"href":"https:\/\/4cantosalagoas.com.br\/portal\/wp-json\/wp\/v2\/posts\/4106\/revisions"}],"predecessor-version":[{"id":4108,"href":"https:\/\/4cantosalagoas.com.br\/portal\/wp-json\/wp\/v2\/posts\/4106\/revisions\/4108"}],"wp:featuredmedia":[{"embeddable":true,"href":"https:\/\/4cantosalagoas.com.br\/portal\/wp-json\/wp\/v2\/media\/4107"}],"wp:attachment":[{"href":"https:\/\/4cantosalagoas.com.br\/portal\/wp-json\/wp\/v2\/media?parent=4106"}],"wp:term":[{"taxonomy":"category","embeddable":true,"href":"https:\/\/4cantosalagoas.com.br\/portal\/wp-json\/wp\/v2\/categories?post=4106"},{"taxonomy":"post_tag","embeddable":true,"href":"https:\/\/4cantosalagoas.com.br\/portal\/wp-json\/wp\/v2\/tags?post=4106"}],"curies":[{"name":"wp","href":"https:\/\/api.w.org\/{rel}","templated":true}]}}