{"id":4058,"date":"2018-07-12T06:29:34","date_gmt":"2018-07-12T09:29:34","guid":{"rendered":"http:\/\/4cantosalagoas.com.br\/portal\/?p=4058"},"modified":"2018-07-12T06:29:34","modified_gmt":"2018-07-12T09:29:34","slug":"transito-dos-bairros-centro-e-levada-sera-reordenado","status":"publish","type":"post","link":"https:\/\/4cantosalagoas.com.br\/portal\/transito-dos-bairros-centro-e-levada-sera-reordenado\/","title":{"rendered":"Tr\u00e2nsito dos bairros Centro e Levada ser\u00e1 reordenado"},"content":{"rendered":"<figure id=\"attachment_4059\" aria-describedby=\"caption-attachment-4059\" style=\"width: 300px\" class=\"wp-caption alignleft\"><img decoding=\"async\" class=\"size-medium wp-image-4059\" src=\"http:\/\/4cantosalagoas.com.br\/portal\/wp-content\/uploads\/2018\/07\/carse4-300x160.jpg\" alt=\"\" width=\"300\" height=\"160\" srcset=\"https:\/\/4cantosalagoas.com.br\/portal\/wp-content\/uploads\/2018\/07\/carse4-300x160.jpg 300w, https:\/\/4cantosalagoas.com.br\/portal\/wp-content\/uploads\/2018\/07\/carse4-375x200.jpg 375w, https:\/\/4cantosalagoas.com.br\/portal\/wp-content\/uploads\/2018\/07\/carse4-465x248.jpg 465w, https:\/\/4cantosalagoas.com.br\/portal\/wp-content\/uploads\/2018\/07\/carse4-695x371.jpg 695w, https:\/\/4cantosalagoas.com.br\/portal\/wp-content\/uploads\/2018\/07\/carse4.jpg 763w\" sizes=\"(max-width: 300px) 100vw, 300px\" \/><figcaption id=\"caption-attachment-4059\" class=\"wp-caption-text\">Assessoria<\/figcaption><\/figure>\n<p>Ap\u00f3s a desocupa\u00e7\u00e3o de um trecho da Avenida Vieira Perdig\u00e3o com a Rua 16 de setembro, entre os bairros Centro e Levada, a Superintend\u00eancia Municipal de Transportes e Tr\u00e2nsito (SMTT) vai reorganizar o tr\u00e1fego de ve\u00edculos na regi\u00e3o.<\/p>\n<p>O espa\u00e7o era ocupado por vendedores ambulantes, que deixaram a \u00e1rea nessa segunda-feira (09). A desocupa\u00e7\u00e3o foi acompanhada por equipes da Secretaria Municipal de Seguran\u00e7a Comunit\u00e1ria e Conv\u00edvio Social (Semscs).<\/p>\n<p>&nbsp;<\/p>\n<p>Com a mudan\u00e7a, o fluxo oriundo da Avenida Vieira Perdig\u00e3o, anteriormente obstru\u00eddo pelos ambulantes, agora cruzar\u00e1 a linha do trem e seguir\u00e1 pela Rua 16 de Setembro. Um ponto de \u00f4nibus ser\u00e1 instalado em frente ao antigo Cine Ideal. A interven\u00e7\u00e3o vai beneficiar principalmente os usu\u00e1rios dos bairros da orla lagunar, como Vergel do Lago, Prado, Trapiche da Barra, Joaquim Le\u00e3o e Pontal da Barra.<\/p>\n<p>\u201cAs mudan\u00e7as s\u00e3o pertinentes para oferecer uma melhor presta\u00e7\u00e3o do servi\u00e7o, al\u00e9m de combater o transporte clandestino na regi\u00e3o, j\u00e1 que h\u00e1 grande concentra\u00e7\u00e3o e, por legisla\u00e7\u00e3o, n\u00e3o \u00e9 autorizado\u201d, explica o coordenador de Controle Integrado da SMTT, Silvio Sarmento.<\/p>\n<p>Na regi\u00e3o, passar\u00e3o a circular\u00a0dezessete linhas, para que o usu\u00e1rio de \u00f4nibus seja inserido no Sistema Integrado de Mobilidade de Macei\u00f3 (SIMM) e que desfrute dos benef\u00edcios do Cart\u00e3o Bem Legal, Domingo \u00e9 Meia e Integra\u00e7\u00e3o Temporal.<\/p>\n<p>Maykson Douglas (estagi\u00e1rio) \/\u00a0Ascom SMTT<\/p>\n","protected":false},"excerpt":{"rendered":"<p>Ap\u00f3s a desocupa\u00e7\u00e3o de um trecho da Avenida Vieira Perdig\u00e3o com a Rua 16 de setembro, entre<\/p>\n","protected":false},"author":1,"featured_media":4059,"comment_status":"open","ping_status":"open","sticky":false,"template":"","format":"standard","meta":{"footnotes":""},"categories":[60,5],"tags":[],"class_list":["post-4058","post","type-post","status-publish","format-standard","has-post-thumbnail","hentry","category-capa","category-maceio"],"_links":{"self":[{"href":"https:\/\/4cantosalagoas.com.br\/portal\/wp-json\/wp\/v2\/posts\/4058","targetHints":{"allow":["GET"]}}],"collection":[{"href":"https:\/\/4cantosalagoas.com.br\/portal\/wp-json\/wp\/v2\/posts"}],"about":[{"href":"https:\/\/4cantosalagoas.com.br\/portal\/wp-json\/wp\/v2\/types\/post"}],"author":[{"embeddable":true,"href":"https:\/\/4cantosalagoas.com.br\/portal\/wp-json\/wp\/v2\/users\/1"}],"replies":[{"embeddable":true,"href":"https:\/\/4cantosalagoas.com.br\/portal\/wp-json\/wp\/v2\/comments?post=4058"}],"version-history":[{"count":1,"href":"https:\/\/4cantosalagoas.com.br\/portal\/wp-json\/wp\/v2\/posts\/4058\/revisions"}],"predecessor-version":[{"id":4060,"href":"https:\/\/4cantosalagoas.com.br\/portal\/wp-json\/wp\/v2\/posts\/4058\/revisions\/4060"}],"wp:featuredmedia":[{"embeddable":true,"href":"https:\/\/4cantosalagoas.com.br\/portal\/wp-json\/wp\/v2\/media\/4059"}],"wp:attachment":[{"href":"https:\/\/4cantosalagoas.com.br\/portal\/wp-json\/wp\/v2\/media?parent=4058"}],"wp:term":[{"taxonomy":"category","embeddable":true,"href":"https:\/\/4cantosalagoas.com.br\/portal\/wp-json\/wp\/v2\/categories?post=4058"},{"taxonomy":"post_tag","embeddable":true,"href":"https:\/\/4cantosalagoas.com.br\/portal\/wp-json\/wp\/v2\/tags?post=4058"}],"curies":[{"name":"wp","href":"https:\/\/api.w.org\/{rel}","templated":true}]}}