{"id":4047,"date":"2018-07-11T07:39:30","date_gmt":"2018-07-11T10:39:30","guid":{"rendered":"http:\/\/4cantosalagoas.com.br\/portal\/?p=4047"},"modified":"2018-07-11T07:39:30","modified_gmt":"2018-07-11T10:39:30","slug":"motorista-embriagado-tomba-com-carreta-na-br-101-em-teotonio-vilela","status":"publish","type":"post","link":"https:\/\/4cantosalagoas.com.br\/portal\/motorista-embriagado-tomba-com-carreta-na-br-101-em-teotonio-vilela\/","title":{"rendered":"Motorista embriagado tomba com carreta na BR 101 em Teot\u00f4nio Vilela"},"content":{"rendered":"<figure id=\"attachment_4048\" aria-describedby=\"caption-attachment-4048\" style=\"width: 300px\" class=\"wp-caption alignleft\"><img fetchpriority=\"high\" decoding=\"async\" class=\"size-medium wp-image-4048\" src=\"http:\/\/4cantosalagoas.com.br\/portal\/wp-content\/uploads\/2018\/07\/acdentes-300x187.jpg\" alt=\"\" width=\"300\" height=\"187\" srcset=\"https:\/\/4cantosalagoas.com.br\/portal\/wp-content\/uploads\/2018\/07\/acdentes-300x187.jpg 300w, https:\/\/4cantosalagoas.com.br\/portal\/wp-content\/uploads\/2018\/07\/acdentes-768x479.jpg 768w, https:\/\/4cantosalagoas.com.br\/portal\/wp-content\/uploads\/2018\/07\/acdentes-375x234.jpg 375w, https:\/\/4cantosalagoas.com.br\/portal\/wp-content\/uploads\/2018\/07\/acdentes-465x290.jpg 465w, https:\/\/4cantosalagoas.com.br\/portal\/wp-content\/uploads\/2018\/07\/acdentes-695x434.jpg 695w, https:\/\/4cantosalagoas.com.br\/portal\/wp-content\/uploads\/2018\/07\/acdentes.jpg 910w\" sizes=\"(max-width: 300px) 100vw, 300px\" \/><figcaption id=\"caption-attachment-4048\" class=\"wp-caption-text\">Cortesia internauta<\/figcaption><\/figure>\n<p>O motorista de uma carreta foi preso, na madrugada desta ter\u00e7a-feira (10), depois de tombar com o ve\u00edculo na altura do km 172 da rodovia federal BR 101 no munic\u00edpio de Teot\u00f4nio Vilela.<\/p>\n<p>As informa\u00e7\u00f5es s\u00e3o da Pol\u00edcia Rodovia Federal (PRF), que efetuou a pris\u00e3o depois de confirmar o estado de embriaguez do caminhoneiro. Ele conduzia uma carreta Volvo, cor branca, de placa n\u00e3o revelada pela pol\u00edcia.<\/p>\n<p>O motorista n\u00e3o sofreu ferimentos, ele foi conduzido a 6\u00aa DRP, em S\u00e3o Miguel dos Campos, onde foi autuado por embriaguez ao volante. O suspeito n\u00e3o teve a identidade revelada.<\/p>\n<p>Fonte: Alagoasweb<\/p>\n","protected":false},"excerpt":{"rendered":"<p>O motorista de uma carreta foi preso, na madrugada desta ter\u00e7a-feira (10), depois de tombar com o<\/p>\n","protected":false},"author":1,"featured_media":4048,"comment_status":"open","ping_status":"open","sticky":false,"template":"","format":"standard","meta":{"footnotes":""},"categories":[60],"tags":[],"class_list":["post-4047","post","type-post","status-publish","format-standard","has-post-thumbnail","hentry","category-capa"],"_links":{"self":[{"href":"https:\/\/4cantosalagoas.com.br\/portal\/wp-json\/wp\/v2\/posts\/4047","targetHints":{"allow":["GET"]}}],"collection":[{"href":"https:\/\/4cantosalagoas.com.br\/portal\/wp-json\/wp\/v2\/posts"}],"about":[{"href":"https:\/\/4cantosalagoas.com.br\/portal\/wp-json\/wp\/v2\/types\/post"}],"author":[{"embeddable":true,"href":"https:\/\/4cantosalagoas.com.br\/portal\/wp-json\/wp\/v2\/users\/1"}],"replies":[{"embeddable":true,"href":"https:\/\/4cantosalagoas.com.br\/portal\/wp-json\/wp\/v2\/comments?post=4047"}],"version-history":[{"count":1,"href":"https:\/\/4cantosalagoas.com.br\/portal\/wp-json\/wp\/v2\/posts\/4047\/revisions"}],"predecessor-version":[{"id":4049,"href":"https:\/\/4cantosalagoas.com.br\/portal\/wp-json\/wp\/v2\/posts\/4047\/revisions\/4049"}],"wp:featuredmedia":[{"embeddable":true,"href":"https:\/\/4cantosalagoas.com.br\/portal\/wp-json\/wp\/v2\/media\/4048"}],"wp:attachment":[{"href":"https:\/\/4cantosalagoas.com.br\/portal\/wp-json\/wp\/v2\/media?parent=4047"}],"wp:term":[{"taxonomy":"category","embeddable":true,"href":"https:\/\/4cantosalagoas.com.br\/portal\/wp-json\/wp\/v2\/categories?post=4047"},{"taxonomy":"post_tag","embeddable":true,"href":"https:\/\/4cantosalagoas.com.br\/portal\/wp-json\/wp\/v2\/tags?post=4047"}],"curies":[{"name":"wp","href":"https:\/\/api.w.org\/{rel}","templated":true}]}}